{"id":999,"date":"2024-10-23T12:37:09","date_gmt":"2024-10-23T10:37:09","guid":{"rendered":"https:\/\/www.skolyjesenice.cz\/zs\/?p=999"},"modified":"2025-01-29T16:16:49","modified_gmt":"2025-01-29T15:16:49","slug":"zs-ii-_zahajeni-skolniho-roku","status":"publish","type":"post","link":"https:\/\/www.skolyjesenice.cz\/zs\/2024\/10\/23\/zs-ii-_zahajeni-skolniho-roku\/","title":{"rendered":"Z\u0160 II _Zah\u00e1jen\u00ed \u0161koln\u00edho roku"},"content":{"rendered":"<p>V leto\u0161n\u00edm \u0161koln\u00edm roce se v \u010derven\u00e9 t\u0159\u00edd\u011b se\u0161el op\u011bt 6., 7., 8. a 9. ro\u010dn\u00edk. Je n\u00e1s celkem 11 \u017e\u00e1k\u016f, ale u\u017e nejsme klu\u010di\u010d\u00ed t\u0159\u00edda, proto\u017ee n\u00e1m p\u0159ibyly do t\u0159\u00eddy dal\u0161\u00ed 2 d\u00edvky.<\/p>\n<p>Hned v druh\u00e9m \u0161koln\u00edm t\u00fddnu se na\u0161e t\u0159\u00edda z\u00fa\u010dastnila adapta\u010dn\u00edch aktivit pod n\u00e1zvem \u201ePoznejme se spole\u010dn\u011b\u201c, kter\u00e9 byly zam\u011b\u0159en\u00e9 p\u0159edev\u0161\u00edm na stmelen\u00ed a pozn\u00e1n\u00ed se v t\u0159\u00eddn\u00edm kolektivu. N\u00e1pl\u0148 aktivit byla netradi\u010dn\u00ed, zahr\u00e1li jsme si \u00fanikovou hru, vyrobili t\u0159\u00eddn\u00edho maskota, nav\u0161t\u00edvili tvo\u0159iv\u00e9 d\u00edlny a ten, kdo nocoval ve \u0161kole, si mohl u\u017e\u00edt ve\u010dern\u00ed st\u00ednov\u00e9 divadlo. Zkr\u00e1tka prima akce pln\u00e1 nov\u00fdch z\u00e1\u017eitk\u016f. A aby t\u011bch z\u00e1\u017eitk\u016f nebylo m\u00e1lo, jeli jsme v z\u00e1\u0159\u00ed i na celo\u0161koln\u00ed v\u00fdlet do ZOO Plasy a m\u011bli mo\u017enost zahr\u00e1t si i golf. Na v\u00fdlet jsme jeli vlakem, a to byl pro n\u011bkoho tak\u00e9 velk\u00fd z\u00e1\u017eitek. V\u00fdlet se i p\u0159es trochu de\u0161t\u011b vyda\u0159il, vid\u011bli jsme snad v\u0161echna zv\u00ed\u0159ata, kter\u00e1 v ZOO maj\u00ed a zahr\u00e1li si golf. Ob\u011bdvali jsme v restauraci s n\u00e1zvem Kn\u00ed\u017eec\u00ed pivovar, kde bylo moc hezk\u00e9 prost\u0159ed\u00ed a p\u0159\u00edjemn\u00e1 obsluha. V\u0161ichni jsme si pochutnali a hur\u00e1 na n\u00e1dra\u017e\u00ed, na vlak na cestu zp\u00e1tky do Jesenice.<\/p>\n<p>V \u0159\u00edjnu jsme pracovali na zahrad\u011b, skl\u00edzeli jsme raj\u010data, ost\u0159\u00edhali ostru\u017einy, p\u0159ipravili z\u00e1hony na zimu. Zametali jsme a hrabali list\u00ed kolem \u0161koly. Uskute\u010dnili jsme polodenn\u00ed p\u0159\u00edrodov\u011bdn\u011b turistickou vych\u00e1zku do lesa zam\u011b\u0159enou na t\u00e9ma LES a tematick\u00fd celek houby. Tak\u00e9 se n\u00e1m jich poda\u0159ilo celkem dost naj\u00edt, byla to hezk\u00e1 zku\u0161enost pozn\u00e1vat houby na\u017eivo s pomoc\u00ed atlasu. Nav\u0161t\u00edvili jsme jesenick\u00e9 muzeum, kde prob\u00edhala v\u00fdstava fotografii m\u00edstn\u00edho fotoklubu. V polovin\u011b \u0159\u00edjna byla tak\u00e9 vyhl\u00e1\u0161ena v\u00fdtvarn\u00e1 sout\u011b\u017e \u201ePodzim v barv\u00e1ch\u201c, kter\u00e9 jsme se tak\u00e9 z\u00fa\u010dastnili. Nakonec byl ze t\u0159\u00eddy nej\u00fasp\u011b\u0161n\u011bj\u0161\u00ed M\u00ed\u0161a T\u00e1nco\u0161 se svoj\u00ed podzimn\u00ed v\u00edlou.<\/p>\n<p>Nejv\u011bt\u0161\u00ed radost n\u00e1m tento m\u011bs\u00edc p\u0159inesla sklize\u0148 d\u00fdn\u00ed na \u0161koln\u00ed zahrad\u011b u st\u0159edn\u00ed \u0161koly. D\u00fdn\u011b si tam na za\u010d\u00e1tku l\u00e9ta vys\u00e1zela ka\u017ed\u00e1 t\u0159\u00edda, i ta na\u0161e. Urodila se jich tam p\u011bkn\u00e1 hromada, a proto\u017ee byly obrovsk\u00e9, ujala se na\u0161e t\u0159\u00edda (jsme nejstar\u0161\u00ed a nejsiln\u011bj\u0161\u00ed) nejen sklizn\u011b, ale i p\u0159evozu d\u00fdn\u00ed k n\u00e1m na z\u00e1kladn\u00ed \u0161kolu, to proto \u017ee se chystaly projektov\u00e9 dny \u201eHr\u00e1tky s d\u00fdn\u011bmi\u201c. A tak jsme si zahr\u00e1li na badatele, dlabali d\u00fdni do tvaru dome\u010dku, va\u0159ili kompot, vypracov\u00e1vali pracovn\u00ed listy a zji\u0161\u0165ovali zaj\u00edmavosti o d\u00fdn\u00edch, lu\u0161tili k\u0159\u00ed\u017eovku, u\u010dili se b\u00e1sni\u010dku, na tvo\u0159iv\u00fdch d\u00edln\u00e1ch vyr\u00e1b\u011bli dekorace z d\u00fdn\u00ed. V p\u00e1tek po sva\u010din\u011b jsme si projektov\u00e9 dny vyhodnotili a pod\u00edvali se na prezentaci fotek ze ostatn\u00edch t\u0159\u00edd.<\/p>\n<p>A pak hur\u00e1 na podzimn\u00ed pr\u00e1zdniny!<\/p>\n<p>&nbsp;<\/p>\n<p>Zapsala: Jana M\u011bchurov\u00e1, TU<\/p>\n<p><img loading=\"lazy\" decoding=\"async\" class=\"size-medium wp-image-1021 alignleft\" src=\"http:\/\/www.skolyjesenice.cz\/zs\/wp-content\/uploads\/sites\/3\/2024\/11\/IMG_20241023_104437-300x225.jpg\" alt=\"\" width=\"300\" height=\"225\" srcset=\"https:\/\/www.skolyjesenice.cz\/zs\/wp-content\/uploads\/sites\/3\/2024\/11\/IMG_20241023_104437-300x225.jpg 300w, https:\/\/www.skolyjesenice.cz\/zs\/wp-content\/uploads\/sites\/3\/2024\/11\/IMG_20241023_104437-768x576.jpg 768w, https:\/\/www.skolyjesenice.cz\/zs\/wp-content\/uploads\/sites\/3\/2024\/11\/IMG_20241023_104437.jpg 1000w\" sizes=\"auto, (max-width: 300px) 100vw, 300px\" \/> <img loading=\"lazy\" decoding=\"async\" class=\"size-medium wp-image-1020 alignleft\" src=\"http:\/\/www.skolyjesenice.cz\/zs\/wp-content\/uploads\/sites\/3\/2024\/11\/IMG_20241023_084910-300x225.jpg\" alt=\"\" width=\"300\" height=\"225\" srcset=\"https:\/\/www.skolyjesenice.cz\/zs\/wp-content\/uploads\/sites\/3\/2024\/11\/IMG_20241023_084910-300x225.jpg 300w, https:\/\/www.skolyjesenice.cz\/zs\/wp-content\/uploads\/sites\/3\/2024\/11\/IMG_20241023_084910-768x576.jpg 768w, https:\/\/www.skolyjesenice.cz\/zs\/wp-content\/uploads\/sites\/3\/2024\/11\/IMG_20241023_084910.jpg 1000w\" sizes=\"auto, (max-width: 300px) 100vw, 300px\" \/><\/p>\n<p>&nbsp;<\/p>\n<p>&nbsp;<\/p>\n","protected":false},"excerpt":{"rendered":"<p>V leto\u0161n\u00edm \u0161koln\u00edm roce se v \u010derven\u00e9 t\u0159\u00edd\u011b se\u0161el op\u011bt 6., 7., 8. a 9. [&hellip;]<\/p>\n","protected":false},"author":6,"featured_media":0,"comment_status":"closed","ping_status":"closed","sticky":false,"template":"","format":"standard","meta":{"_acf_changed":false,"inline_featured_image":false,"footnotes":""},"categories":[1,3],"tags":[],"class_list":["post-999","post","type-post","status-publish","format-standard","hentry","category-aktuality","category-zs-ii"],"acf":[],"_links":{"self":[{"href":"https:\/\/www.skolyjesenice.cz\/zs\/wp-json\/wp\/v2\/posts\/999","targetHints":{"allow":["GET"]}}],"collection":[{"href":"https:\/\/www.skolyjesenice.cz\/zs\/wp-json\/wp\/v2\/posts"}],"about":[{"href":"https:\/\/www.skolyjesenice.cz\/zs\/wp-json\/wp\/v2\/types\/post"}],"author":[{"embeddable":true,"href":"https:\/\/www.skolyjesenice.cz\/zs\/wp-json\/wp\/v2\/users\/6"}],"replies":[{"embeddable":true,"href":"https:\/\/www.skolyjesenice.cz\/zs\/wp-json\/wp\/v2\/comments?post=999"}],"version-history":[{"count":1,"href":"https:\/\/www.skolyjesenice.cz\/zs\/wp-json\/wp\/v2\/posts\/999\/revisions"}],"predecessor-version":[{"id":1024,"href":"https:\/\/www.skolyjesenice.cz\/zs\/wp-json\/wp\/v2\/posts\/999\/revisions\/1024"}],"wp:attachment":[{"href":"https:\/\/www.skolyjesenice.cz\/zs\/wp-json\/wp\/v2\/media?parent=999"}],"wp:term":[{"taxonomy":"category","embeddable":true,"href":"https:\/\/www.skolyjesenice.cz\/zs\/wp-json\/wp\/v2\/categories?post=999"},{"taxonomy":"post_tag","embeddable":true,"href":"https:\/\/www.skolyjesenice.cz\/zs\/wp-json\/wp\/v2\/tags?post=999"}],"curies":[{"name":"wp","href":"https:\/\/api.w.org\/{rel}","templated":true}]}}