{"id":750,"date":"2024-06-28T20:21:56","date_gmt":"2024-06-28T18:21:56","guid":{"rendered":"https:\/\/www.skolyjesenice.cz\/zs\/?p=750"},"modified":"2025-02-04T19:57:49","modified_gmt":"2025-02-04T18:57:49","slug":"zaverecne-zkousky-prs-jednolete-a-dvoulete","status":"publish","type":"post","link":"https:\/\/www.skolyjesenice.cz\/zs\/2024\/06\/28\/zaverecne-zkousky-prs-jednolete-a-dvoulete\/","title":{"rendered":"Z\u00e1v\u011bre\u010dn\u00e9 zkou\u0161ky Pr\u0160 jednolet\u00e9 a dvoulet\u00e9"},"content":{"rendered":"<p>Z\u00e1v\u011bre\u010dn\u00e9 zkou\u0161ky se konaly 12. a 13. \u010dervna 2024 \u2013 praktick\u00e1 \u010d\u00e1st zkou\u0161ky 12. \u010dervna 2024 a 13. \u010dervna 2024 teoretick\u00e1 \u010d\u00e1st zkou\u0161ky. Na z\u00e1v\u011bre\u010dn\u00e9 zkou\u0161ky se jednolet\u00e9 praktick\u00e9 \u0161kole p\u0159ipravila jedna \u017e\u00e1kyn\u011b, ve dvoulet\u00e9 praktick\u00e9 \u0161kole se p\u0159ipravila jedna \u017e\u00e1kyn\u011b a dva \u017e\u00e1ci. V celkov\u00e9m hodnocen\u00ed obou \u0161kol jedna \u017e\u00e1kyn\u011b neusp\u011bla ze zdravotn\u00edch d\u016fvod\u016f, jedna \u017e\u00e1kyn\u011b prosp\u011bla a dva \u017e\u00e1ci prosp\u011bli. Z\u00e1v\u011bre\u010dn\u00e9 zkou\u0161ky prob\u011bhly podle p\u0159edem stanoven\u00e9ho harmonogramu a nebyly poru\u0161eny \u017e\u00e1dn\u00e9 z\u00e1kony a vyhl\u00e1\u0161ky.<\/p>\n<p>fotografie zde:\u00a0<a href=\"https:\/\/www.rajce.idnes.cz\/zmap\/album\/zaverecne-zkousky-v-prakticke-skole-jednolete-a-dvoulete\">www.rajce.idnes.cz\/zmap\/album\/zaverecne-zkousky-v-prakticke-skole-jednolete-a-dvoulete<\/a><\/p>\n<p>T\u0159\u00eddn\u00ed u\u010ditelka: Mgr. Radmila Sunkovsk\u00e1<\/p>\n<p>T\u0159\u00eddn\u00ed u\u010ditelka: Mgr. Jitka Lacinov\u00e1<\/p>\n","protected":false},"excerpt":{"rendered":"<p>Z\u00e1v\u011bre\u010dn\u00e9 zkou\u0161ky se konaly 12. a 13. \u010dervna 2024 \u2013 praktick\u00e1 \u010d\u00e1st zkou\u0161ky 12. \u010dervna [&hellip;]<\/p>\n","protected":false},"author":6,"featured_media":0,"comment_status":"closed","ping_status":"closed","sticky":false,"template":"","format":"standard","meta":{"_acf_changed":false,"inline_featured_image":false,"footnotes":""},"categories":[1,9],"tags":[],"class_list":["post-750","post","type-post","status-publish","format-standard","hentry","category-aktuality","category-prs"],"acf":[],"_links":{"self":[{"href":"https:\/\/www.skolyjesenice.cz\/zs\/wp-json\/wp\/v2\/posts\/750","targetHints":{"allow":["GET"]}}],"collection":[{"href":"https:\/\/www.skolyjesenice.cz\/zs\/wp-json\/wp\/v2\/posts"}],"about":[{"href":"https:\/\/www.skolyjesenice.cz\/zs\/wp-json\/wp\/v2\/types\/post"}],"author":[{"embeddable":true,"href":"https:\/\/www.skolyjesenice.cz\/zs\/wp-json\/wp\/v2\/users\/6"}],"replies":[{"embeddable":true,"href":"https:\/\/www.skolyjesenice.cz\/zs\/wp-json\/wp\/v2\/comments?post=750"}],"version-history":[{"count":2,"href":"https:\/\/www.skolyjesenice.cz\/zs\/wp-json\/wp\/v2\/posts\/750\/revisions"}],"predecessor-version":[{"id":757,"href":"https:\/\/www.skolyjesenice.cz\/zs\/wp-json\/wp\/v2\/posts\/750\/revisions\/757"}],"wp:attachment":[{"href":"https:\/\/www.skolyjesenice.cz\/zs\/wp-json\/wp\/v2\/media?parent=750"}],"wp:term":[{"taxonomy":"category","embeddable":true,"href":"https:\/\/www.skolyjesenice.cz\/zs\/wp-json\/wp\/v2\/categories?post=750"},{"taxonomy":"post_tag","embeddable":true,"href":"https:\/\/www.skolyjesenice.cz\/zs\/wp-json\/wp\/v2\/tags?post=750"}],"curies":[{"name":"wp","href":"https:\/\/api.w.org\/{rel}","templated":true}]}}