{"id":742,"date":"2024-06-12T18:09:59","date_gmt":"2024-06-12T16:09:59","guid":{"rendered":"https:\/\/www.skolyjesenice.cz\/zs\/?p=742"},"modified":"2024-06-25T18:10:45","modified_gmt":"2024-06-25T16:10:45","slug":"prirodovedne-turisticky-pobyt-2024-2","status":"publish","type":"post","link":"https:\/\/www.skolyjesenice.cz\/zs\/2024\/06\/12\/prirodovedne-turisticky-pobyt-2024-2\/","title":{"rendered":"P\u0159\u00edrodov\u011bdn\u011b turistick\u00fd pobyt 2024"},"content":{"rendered":"<p>P\u0159\u00edrodov\u011bdn\u011b turistick\u00fd pobyt se tentokr\u00e1te p\u0159ipravil na 6. a 7. \u010dervna. Jako ka\u017ed\u00fd rok, tak i letos byla sou\u010d\u00e1st\u00ed p\u0159\u00edrodov\u011bdn\u00e1 sout\u011b\u017e. P\u0159ed sout\u011b\u017e\u00ed obdr\u017eeli v\u0161ichni \u017e\u00e1ci do t\u0159\u00edd motiva\u010dn\u00ed dopis, kter\u00fd n\u00e1s informoval o pr\u016fb\u011bhu sout\u011b\u017ee.<\/p>\n<p>T\u0159\u00eddy praktick\u00e9 \u0161koly m\u011bly za \u00fakol p\u0159ipravit trasu lesem s p\u0159\u00edrodov\u011bdn\u00fdmi \u00fakoly: turistick\u00e9 zna\u010dky, stopy zv\u00ed\u0159at, pozn\u00e1v\u00e1n\u00ed savc\u016f a ryb, oboj\u017eiveln\u00edk\u016f a pt\u00e1k\u016f. Tak\u00e9 jsme pozn\u00e1vali l\u00e9\u010div\u00e9 rostliny a byliny na louce, stromy a ke\u0159e. C\u00edl byl v Hostinci Drahou\u0161.\u00a0 Odm\u011bnou n\u00e1m byl ope\u010den\u00fd bu\u0159t a samoz\u0159ejm\u011b odpo\u010dinek na zahrad\u011b m\u00edstn\u00edho hostince. Odpo\u010dat\u00ed jsme se vyd\u00e1vali zp\u011bt ke \u0161kole na ob\u011bd.<\/p>\n<p>Po n\u00e1ro\u010dn\u00e9m dopoledn\u00edm z\u00e1polen\u00ed ve znalostech rostlin zv\u00ed\u0159at a topografick\u00fdch zna\u010dek, odpoledne pokra\u010dovalo v\u00a0okol\u00ed \u0161koly. \u017d\u00e1ci m\u011bli mo\u017enost si vybrat odpo\u010dinkov\u00e9 i relaxa\u010dn\u00ed aktivity venku, sportovn\u00ed i fyzicky n\u00e1ro\u010dn\u011bj\u0161\u00ed \u010dinnosti. Nejstar\u0161\u00ed \u017e\u00e1ci \u0161li stav\u011bt stany do kempu. P\u0159\u00edroda si s\u00a0n\u00e1mi ale pohr\u00e1la, a tak p\u0159i\u0161la \u00fapln\u011b ne\u010dekan\u00e1 bou\u0159ka a my nakonec byli r\u00e1di, \u017ee jsme je stihli postavit i za mal\u00e9ho de\u0161t\u011b. Vzduch byl ale pom\u011brn\u011b tepl\u00fd, a tak n\u00e1m to zase a\u017e tak nevadilo. Po sva\u010din\u011b jsme se ji\u017e p\u0159esunuli na kemp v\u0161ichni. Dokon\u010dili vypnut\u00ed stan\u016f a u\u017eili si sportovn\u00ed hry v\u00a0are\u00e1lu kempu. Pak u\u017e se p\u0159ibl\u00ed\u017eilo \u0161koln\u00ed auto s\u00a0ve\u010de\u0159\u00ed. Hlad byl, a proto gul\u00e1\u0161 z\u00a0e\u0161us\u016f mizel pom\u011brn\u011b dost rychle. Potom u\u017e se n\u011bkte\u0159\u00ed \u017e\u00e1ci p\u0159esunovali na intern\u00e1t a n\u011bkte\u0159\u00ed si \u0161li p\u0159ipravovat postel do stan\u016f. N\u00e9 \u017ee by \u0161li u\u017e sp\u00e1t, ale aby m\u011bli na ve\u010der p\u0159ipraveno. \u00a0V\u00a0podve\u010der p\u0159i\u0161el dal\u0161\u00ed d\u00e9\u0161\u0165 a my se museli schovat pod st\u0159echu pergoly. Kdy\u017e d\u00e9\u0161\u0165 ustal a mokr\u00e9 tr\u00e1vy a lou\u017e\u00ed bylo v\u0161ude dost a dost, na\u0161ly si d\u011bti dal\u0161\u00ed z\u00e1bavu a dalo n\u00e1m dost pr\u00e1ce, aby si d\u011bti nesedaly na mokr\u00e9 lavi\u010dky a z\u00e1bavn\u00e9 prvky na h\u0159i\u0161ti. A tak nezbylo nic jin\u00e9ho, ne\u017e dojet do \u0161koly pro n\u00e1hradn\u00ed oble\u010den\u00ed a podsed\u00e1ky. Do ve\u010dera bylo u\u017e jen slun\u00ed\u010dko, a tak i tentokr\u00e1te do\u0161lo na pe\u010den\u00ed bu\u0159t\u016f a topinek na oh\u00fdnku. Kdy\u017e u\u017e zapadlo i slun\u00ed\u010dko, nastal \u010das hygieny a p\u0159\u00edpravy ke sp\u00e1nku. Star\u0161\u00ed d\u011bti je\u0161t\u011b chvilku pobyly u ohn\u011b, ale za chv\u00edli u\u017e \u0161ly taky sp\u00e1t. Po celodenn\u00edm pobytu venku jsme je ani nemuseli moc p\u0159emlouvat.<\/p>\n<p>R\u00e1no n\u011bkte\u0159\u00ed \u017e\u00e1ci vysko\u010dili pom\u011brn\u011b brzo a jin\u00e9 jsme museli doslova budit. Po v\u00fdborn\u00e9 sn\u00eddani jsme za\u010dali ukl\u00edzet osobn\u00ed v\u011bci, karimatky a spac\u00e1ky a u\u017e tu byla dal\u0161\u00ed \u010d\u00e1st \u0161koly. Po vyhodnocen\u00ed Jesenick\u00e9ho putovan\u00ed pan\u00ed \u0159editelkou jsme rozcvi\u010dili t\u011blo na r\u016fzn\u00fdch stanovi\u0161t\u00edch v\u00a0kempu a u\u017e se bl\u00ed\u017eil \u010das n\u00e1vratu do \u0161koly. Trasa ale vedla p\u0159es pl\u00e1\u017e u rybn\u00edka, kde ka\u017ed\u00e1 t\u0159\u00edda m\u011bla schovan\u00fd poklad (sladkost) a pak u\u017e hur\u00e1 do \u0161koly k\u00a0z\u00e1v\u011bre\u010dn\u00e9mu n\u00e1stupu a ukon\u010den\u00ed p\u0159\u00edrodov\u011bdn\u011b turistick\u00e9ho pobytu. A co si mysl\u00edte? L\u00edbilo se to d\u011btem? No jasn\u011b jen dva \u017e\u00e1ci by se rad\u011bji u\u010dili, ale v\u0161ichni ostatn\u00ed by si to rad\u011bji zopakovali. Tak\u017ee pobytu : \u201eHurr\u00e1, hurr\u00e1, hurr\u00e1 !!!!\u201c<\/p>\n<p>Mgr. Radmila Sunkovsk\u00e1 a Mgr. Mark\u00e9ta Uhrov\u00e1<\/p>\n<p>fotografie zde:<a href=\"https:\/\/www.rajce.idnes.cz\/zmap\/album\/prirodovedne-turisticky-pobyt-2024\">www.rajce.idnes.cz\/zmap\/album\/prirodovedne-turisticky-pobyt-2024<\/a><\/p>\n","protected":false},"excerpt":{"rendered":"<p>P\u0159\u00edrodov\u011bdn\u011b turistick\u00fd pobyt se tentokr\u00e1te p\u0159ipravil na 6. a 7. \u010dervna. Jako ka\u017ed\u00fd rok, tak [&hellip;]<\/p>\n","protected":false},"author":6,"featured_media":0,"comment_status":"closed","ping_status":"closed","sticky":false,"template":"","format":"standard","meta":{"_acf_changed":false,"inline_featured_image":false,"footnotes":""},"categories":[1],"tags":[],"class_list":["post-742","post","type-post","status-publish","format-standard","hentry","category-aktuality"],"acf":[],"_links":{"self":[{"href":"https:\/\/www.skolyjesenice.cz\/zs\/wp-json\/wp\/v2\/posts\/742","targetHints":{"allow":["GET"]}}],"collection":[{"href":"https:\/\/www.skolyjesenice.cz\/zs\/wp-json\/wp\/v2\/posts"}],"about":[{"href":"https:\/\/www.skolyjesenice.cz\/zs\/wp-json\/wp\/v2\/types\/post"}],"author":[{"embeddable":true,"href":"https:\/\/www.skolyjesenice.cz\/zs\/wp-json\/wp\/v2\/users\/6"}],"replies":[{"embeddable":true,"href":"https:\/\/www.skolyjesenice.cz\/zs\/wp-json\/wp\/v2\/comments?post=742"}],"version-history":[{"count":1,"href":"https:\/\/www.skolyjesenice.cz\/zs\/wp-json\/wp\/v2\/posts\/742\/revisions"}],"predecessor-version":[{"id":743,"href":"https:\/\/www.skolyjesenice.cz\/zs\/wp-json\/wp\/v2\/posts\/742\/revisions\/743"}],"wp:attachment":[{"href":"https:\/\/www.skolyjesenice.cz\/zs\/wp-json\/wp\/v2\/media?parent=742"}],"wp:term":[{"taxonomy":"category","embeddable":true,"href":"https:\/\/www.skolyjesenice.cz\/zs\/wp-json\/wp\/v2\/categories?post=742"},{"taxonomy":"post_tag","embeddable":true,"href":"https:\/\/www.skolyjesenice.cz\/zs\/wp-json\/wp\/v2\/tags?post=742"}],"curies":[{"name":"wp","href":"https:\/\/api.w.org\/{rel}","templated":true}]}}