{"id":740,"date":"2024-06-04T18:08:58","date_gmt":"2024-06-04T16:08:58","guid":{"rendered":"https:\/\/www.skolyjesenice.cz\/zs\/?p=740"},"modified":"2024-06-25T18:09:44","modified_gmt":"2024-06-25T16:09:44","slug":"exkurze-v-cisticce-odpadnich-vod","status":"publish","type":"post","link":"https:\/\/www.skolyjesenice.cz\/zs\/2024\/06\/04\/exkurze-v-cisticce-odpadnich-vod\/","title":{"rendered":"Exkurze v \u010disti\u010dce odpadn\u00edch vod"},"content":{"rendered":"<p>Dne 29. 5. 2024 jsme se dopoledne v\u0161echny t\u0159\u00eddy Z\u0160 i Z\u0160S z\u00fa\u010dastnily exkurze \u010disti\u010dky odpadn\u00edch vod v\u00a0Jesenici \u2013 odm\u011bna za spln\u011bn\u00fd projekt T\u00fdden Zem\u011b a vody. Programem n\u00e1s prov\u00e1zel vedouc\u00ed provozu kanalizace Rakovn\u00edk pan T\u00fd\u010de spolu s\u00a0kolegou panem Jankovsk\u00fdm, kter\u00fd m\u00e1 na starosti \u010di\u0161t\u011bn\u00ed m\u00edstn\u00edch vod v\u00a0Jesenici. Dozv\u011bd\u011bli jsme se zaj\u00edmav\u00e9 informace nap\u0159., \u017ee v\u011bt\u0161ina \u010dist\u00edren, stejn\u011b tak vod\u00e1ren, vznik\u00e1 pobl\u00ed\u017e vodn\u00edho toku. Voda zbavena v\u0161ech ne\u010distot je vypou\u0161t\u011bna do toku, odkud ji n\u00e1sledn\u011b vyu\u017eije vod\u00e1rna, kter\u00e1 vodu op\u011bt uprav\u00ed pro pou\u017eitelnost v\u00a0dom\u00e1cnosti, tak\u00e9, \u017ee v\u0161echny typy \u010disti\u010dek odpadn\u00edch vod funguj\u00ed na podobn\u00e9m principu, rozd\u00edly jsou p\u0159edev\u0161\u00edm v\u00a0jejich velikosti, kter\u00e1 se \u0159e\u0161\u00ed podle po\u010dtu obyvatel v\u00a0obci \u010di m\u011bst\u011b. Ve m\u011bst\u011b Jesenice je trvale hl\u00e1\u0161eno 1700 obyvatel, odpadn\u00ed vody jsou zde odv\u00e1d\u011bny kmenovou stokou do m\u00edstn\u00ed \u010dist\u00edrny odpadn\u00edch vod, vy\u010di\u0161t\u011bn\u00e9 odpadn\u00ed vody jsou d\u00e1le vypou\u0161t\u011bny do p\u0159\u00edtoku potoka v\u00a0Jesenici. Tak\u00e9 jsme mohli vid\u011bt prob\u00edhaj\u00edc\u00ed f\u00e1ze \u010di\u0161t\u011bn\u00ed odp. vod. Po skon\u010den\u00ed p\u0159\u00ednosn\u00e9 p\u0159edn\u00e1\u0161ky jsme panu T\u00fd\u010demu pod\u011bkovali a vydali se plnit dal\u0161\u00ed aktivity, kter\u00e9 pro n\u00e1s byly p\u0159ipraven\u00e9.<\/p>\n<p>Veronika Harval\u00edkov\u00e1<\/p>\n<p>fotografie zde:<a href=\"https:\/\/www.rajce.idnes.cz\/zmap\/album\/exkurze-v-cisticce-odpadnich-vod\">www.rajce.idnes.cz\/zmap\/album\/exkurze-v-cisticce-odpadnich-vod<\/a><\/p>\n","protected":false},"excerpt":{"rendered":"<p>Dne 29. 5. 2024 jsme se dopoledne v\u0161echny t\u0159\u00eddy Z\u0160 i Z\u0160S z\u00fa\u010dastnily exkurze \u010disti\u010dky [&hellip;]<\/p>\n","protected":false},"author":6,"featured_media":0,"comment_status":"closed","ping_status":"closed","sticky":false,"template":"","format":"standard","meta":{"_acf_changed":false,"inline_featured_image":false,"footnotes":""},"categories":[1],"tags":[],"class_list":["post-740","post","type-post","status-publish","format-standard","hentry","category-aktuality"],"acf":[],"_links":{"self":[{"href":"https:\/\/www.skolyjesenice.cz\/zs\/wp-json\/wp\/v2\/posts\/740","targetHints":{"allow":["GET"]}}],"collection":[{"href":"https:\/\/www.skolyjesenice.cz\/zs\/wp-json\/wp\/v2\/posts"}],"about":[{"href":"https:\/\/www.skolyjesenice.cz\/zs\/wp-json\/wp\/v2\/types\/post"}],"author":[{"embeddable":true,"href":"https:\/\/www.skolyjesenice.cz\/zs\/wp-json\/wp\/v2\/users\/6"}],"replies":[{"embeddable":true,"href":"https:\/\/www.skolyjesenice.cz\/zs\/wp-json\/wp\/v2\/comments?post=740"}],"version-history":[{"count":1,"href":"https:\/\/www.skolyjesenice.cz\/zs\/wp-json\/wp\/v2\/posts\/740\/revisions"}],"predecessor-version":[{"id":741,"href":"https:\/\/www.skolyjesenice.cz\/zs\/wp-json\/wp\/v2\/posts\/740\/revisions\/741"}],"wp:attachment":[{"href":"https:\/\/www.skolyjesenice.cz\/zs\/wp-json\/wp\/v2\/media?parent=740"}],"wp:term":[{"taxonomy":"category","embeddable":true,"href":"https:\/\/www.skolyjesenice.cz\/zs\/wp-json\/wp\/v2\/categories?post=740"},{"taxonomy":"post_tag","embeddable":true,"href":"https:\/\/www.skolyjesenice.cz\/zs\/wp-json\/wp\/v2\/tags?post=740"}],"curies":[{"name":"wp","href":"https:\/\/api.w.org\/{rel}","templated":true}]}}