{"id":736,"date":"2024-06-14T18:00:39","date_gmt":"2024-06-14T16:00:39","guid":{"rendered":"https:\/\/www.skolyjesenice.cz\/zs\/?p=736"},"modified":"2024-06-25T18:02:21","modified_gmt":"2024-06-25T16:02:21","slug":"celoskolni-vylet-do-nizboru-a-chynavy","status":"publish","type":"post","link":"https:\/\/www.skolyjesenice.cz\/zs\/2024\/06\/14\/celoskolni-vylet-do-nizboru-a-chynavy\/","title":{"rendered":"Celo\u0161koln\u00ed v\u00fdlet do Ni\u017eboru a Chy\u0148avy"},"content":{"rendered":"<p>Na tento den se netrp\u011bliv\u011b t\u011b\u0161ilo mnoho z\u00a0n\u00e1s. V\u011bd\u011bli jsme, \u017ee, kdo si po\u010dk\u00e1, ten se do\u010dk\u00e1.\u00a0 Cel\u00fd den bez v\u00fduky, n\u011bkam se pod\u00edvat, n\u011bco vid\u011bt, n\u011bco za\u017e\u00edt.<\/p>\n<p>R\u00e1no 11. \u010dervna 2024 jsme sedli jsme do autobusu \u010di \u0161koln\u00edho auta a hur\u00e1 sm\u011br Ni\u017ebor. Tam vystoupila jedna \u010d\u00e1st skupiny a my mlad\u0161\u00ed popojeli je\u0161t\u011b kousek do kopce. Tam v\u00a0Chy\u0148av\u011b na n\u00e1s \u010dekal Zoopark s\u00a0n\u00e1zvem Statek u Merlina. Nen\u00ed nic lep\u0161\u00edho, ne\u017e zapojit do u\u010den\u00ed co nejv\u00edce vjem\u016f. A tak jsme zapojili nejen zrak, sluch, \u010dich, ale i hmat. Mohli jsme si krmit vybran\u00e1 zv\u00ed\u0159ata (kr\u00e1l\u00edk, mor\u010de, lama, velbloud, ovce, koza atd). Are\u00e1lem n\u00e1s prov\u00e1zela chovatelka Lucie a v\u011bd\u011bla toho opravdu spoustu. Potom jsme si mohli proj\u00edt zv\u00ed\u0159ata s\u00a0pan\u00ed u\u010ditelkou. A v\u00a0poledne na n\u00e1s \u010dekal ob\u011bd \u2013 \u0159\u00edzek s\u00a0bramborovou ka\u0161\u00ed. Stihli jsme si nakoupit n\u011bjak\u00e9 upom\u00ednkov\u00e9 p\u0159edm\u011bty \u010di sladkosti a pak u\u017e jsme se se\u0161li s\u00a0druhou skupinou, proto\u017ee ti m\u011bli \u00fapln\u011b jin\u00fd program.<\/p>\n<p>A divili byste se jak\u00fd. Z\u00a0autobusu jsme vystoupili na k\u0159i\u017eovatce. Nejprve jsme se museli rozkoukat a pak jsme se p\u011b\u0161ky vydali sm\u011br z\u00e1mek Ni\u017ebor. P\u0159i\u0161li jsme na mal\u00e9 dl\u00e1\u017ed\u011bn\u00e9 n\u00e1dvo\u0159\u00ed, kde byly kr\u00e1sn\u00e9 kovan\u00e9 \u017eidle a stolky s\u00a0barevnou mozaikou. Dali jsme si sva\u010dinu a netrp\u011bliv\u011b \u010dekali na des\u00e1tou hodinu a\u017e budeme moci vstoupit do z\u00e1mku. V\u00a0z\u00e1mku n\u00e1s \u010dekala prohl\u00eddka, kter\u00e1 sice nebyla komentovan\u00e1, p\u0159esto se n\u00e1m p\u011bkn\u011b prot\u00e1hla. Pan\u00ed u\u010ditelka Lacinov\u00e1 m\u011bla na \u017e\u00e1ky spoustu zaj\u00edmav\u00fdch dotaz\u016f k\u00a0expon\u00e1t\u016fm. Pot\u00e9 jsme zhl\u00e9dli poutav\u00fd kr\u00e1tk\u00fd film o keltsk\u00e9m mincovnictv\u00ed. Kdo cht\u011bl, koupil si je\u0161t\u011b v\u00a0informa\u010dn\u00edm centru turistickou zn\u00e1mku nebo mal\u00fd upom\u00ednkov\u00fd p\u0159edm\u011bt. A pak koz\u00ed stezkou dol\u016f do m\u011bste\u010dka. \u010cekal n\u00e1s ob\u011bd v\u00a0restauraci U L\u00edpy. M\u011bli jsme po\u0159\u00e1dn\u00fd ku\u0159ec\u00ed \u0159\u00edzek a va\u0159en\u00e9 brambory, a v\u011b\u0159te, \u017ee nezbyl ani drobe\u010dek. Pan\u00ed \u0159editelka by m\u011bla radost, proto\u017ee jsme dnes dostali hned dv\u011b pochvaly za slu\u0161n\u00e9 chov\u00e1n\u00ed, a to jak na z\u00e1mku, tak i v\u00a0restauraci. To se \u010derven\u00e9 t\u0159\u00edd\u011b pln\u00e9 kluk\u016f jen tak nestane. Po ob\u011bd\u011b jsme seb\u011bhli k\u00a0\u0159ece, kde jsme se potkali s\u00a0prvn\u00ed skupinou. Ud\u011blali jsme si spole\u010dn\u00e9 foto, prob\u011bhli se a ne\u017e jsme se nad\u00e1li, byl tu autobus. Pot\u00e9 u\u017e n\u00e1s \u010dekala jen cesta do \u0161koly, konec v\u00fdletu a pak dom\u016f.<\/p>\n<p>Teprve druh\u00fd den p\u0159i\u0161ly po\u0159\u00e1dn\u00e9 ohlasy. J\u00e9 to bylo prima, to jsme si to hezky u\u017eili, byla legrace, ten autobus fun\u011bl do kopce, a je\u0161t\u011b spousta dal\u0161\u00edch pozitivn\u00edch hl\u00e1\u0161ek. A co napsat nakonec \u2013 zkr\u00e1tka, \u017ee to nebyla poh\u00e1dka, ale pohodov\u00fd \u0161koln\u00ed v\u00fdlet. D\u011bkujeme.<\/p>\n<p>\u017d\u00e1ci z\u00e1kladn\u00ed \u0161koly s\u00a0Mgr. Mark\u00e9tou Uhrovou a Mgr. Janou M\u011bchurovou<\/p>\n<p>fotografie zde:\u00a0<a href=\"https:\/\/www.rajce.idnes.cz\/zmap\/album\/celoskolni-vylet\">www.rajce.idnes.cz\/zmap\/album\/celoskolni-vylet<\/a><\/p>\n","protected":false},"excerpt":{"rendered":"<p>Na tento den se netrp\u011bliv\u011b t\u011b\u0161ilo mnoho z\u00a0n\u00e1s. V\u011bd\u011bli jsme, \u017ee, kdo si po\u010dk\u00e1, ten [&hellip;]<\/p>\n","protected":false},"author":6,"featured_media":0,"comment_status":"closed","ping_status":"closed","sticky":false,"template":"","format":"standard","meta":{"_acf_changed":false,"inline_featured_image":false,"footnotes":""},"categories":[1],"tags":[],"class_list":["post-736","post","type-post","status-publish","format-standard","hentry","category-aktuality"],"acf":[],"_links":{"self":[{"href":"https:\/\/www.skolyjesenice.cz\/zs\/wp-json\/wp\/v2\/posts\/736","targetHints":{"allow":["GET"]}}],"collection":[{"href":"https:\/\/www.skolyjesenice.cz\/zs\/wp-json\/wp\/v2\/posts"}],"about":[{"href":"https:\/\/www.skolyjesenice.cz\/zs\/wp-json\/wp\/v2\/types\/post"}],"author":[{"embeddable":true,"href":"https:\/\/www.skolyjesenice.cz\/zs\/wp-json\/wp\/v2\/users\/6"}],"replies":[{"embeddable":true,"href":"https:\/\/www.skolyjesenice.cz\/zs\/wp-json\/wp\/v2\/comments?post=736"}],"version-history":[{"count":1,"href":"https:\/\/www.skolyjesenice.cz\/zs\/wp-json\/wp\/v2\/posts\/736\/revisions"}],"predecessor-version":[{"id":737,"href":"https:\/\/www.skolyjesenice.cz\/zs\/wp-json\/wp\/v2\/posts\/736\/revisions\/737"}],"wp:attachment":[{"href":"https:\/\/www.skolyjesenice.cz\/zs\/wp-json\/wp\/v2\/media?parent=736"}],"wp:term":[{"taxonomy":"category","embeddable":true,"href":"https:\/\/www.skolyjesenice.cz\/zs\/wp-json\/wp\/v2\/categories?post=736"},{"taxonomy":"post_tag","embeddable":true,"href":"https:\/\/www.skolyjesenice.cz\/zs\/wp-json\/wp\/v2\/tags?post=736"}],"curies":[{"name":"wp","href":"https:\/\/api.w.org\/{rel}","templated":true}]}}