{"id":727,"date":"2024-03-08T20:51:04","date_gmt":"2024-03-08T19:51:04","guid":{"rendered":"https:\/\/www.skolyjesenice.cz\/zs\/?p=727"},"modified":"2025-01-29T16:19:26","modified_gmt":"2025-01-29T15:19:26","slug":"karneval-remesla-prs","status":"publish","type":"post","link":"https:\/\/www.skolyjesenice.cz\/zs\/2024\/03\/08\/karneval-remesla-prs\/","title":{"rendered":"Karneval &#8211; \u0158emesla Pr\u0160"},"content":{"rendered":"<p>Ka\u017edoro\u010dn\u011b se v\u0161ichni r\u00e1di \u00fa\u010dastn\u00edme \u0161koln\u00edho karnevalu, kter\u00fd p\u0159ipravuje na\u0161e \u0161koln\u00ed dru\u017eina pro celou z\u00e1kladn\u00ed \u0161kolu. Letos n\u00e1s vzhledem k\u00a0t\u00e9matu \u201e\u0158emesla\u201c obzvl\u00e1\u0161t\u011b bavila p\u0159\u00edprava na karneval a to proto, \u017ee si \u010dasto a se z\u00e1jmem pov\u00edd\u00e1me, o tom, co by kdo r\u00e1d v\u00a0budoucnu vykon\u00e1val za profesi. Tak skoro ka\u017ed\u00fd v\u011bd\u011bl, jak\u00fd kost\u00fdm si bude p\u0159ipravovat. Ve t\u0159\u00edd\u011b jsme najednou m\u011bli zahradn\u00edka s\u00a0n\u016f\u017ekami a k\u0159ovino\u0159ezem, kv\u011btin\u00e1\u0159ky s\u00a0ko\u0161\u00edky pln\u00fdmi kv\u011btin, kucha\u0159e s va\u0159e\u010dkou, peka\u0159e s\u00a0ko\u0161\u00edkem \u010derstv\u00fdch housek, t\u011b\u017ea\u0159e s pilou i automechanika s n\u00e1\u0159ad\u00edm. Samotn\u00fd karneval byl potom pro n\u00e1s z\u00e1bavou a p\u0159ehl\u00eddkou nejen kost\u00fdm\u016f, ale i na\u0161ich sn\u016f a c\u00edl\u016f.<\/p>\n<p>Fotografie zde:\u00a0<a href=\"https:\/\/www.rajce.idnes.cz\/zmap\/album\/karneval\">www.rajce.idnes.cz\/zmap\/album\/karneval<\/a><\/p>\n<p>&nbsp;<\/p>\n","protected":false},"excerpt":{"rendered":"<p>Ka\u017edoro\u010dn\u011b se v\u0161ichni r\u00e1di \u00fa\u010dastn\u00edme \u0161koln\u00edho karnevalu, kter\u00fd p\u0159ipravuje na\u0161e \u0161koln\u00ed dru\u017eina pro celou z\u00e1kladn\u00ed [&hellip;]<\/p>\n","protected":false},"author":6,"featured_media":0,"comment_status":"closed","ping_status":"closed","sticky":false,"template":"","format":"standard","meta":{"_acf_changed":false,"inline_featured_image":false,"footnotes":""},"categories":[1,9],"tags":[],"class_list":["post-727","post","type-post","status-publish","format-standard","hentry","category-aktuality","category-prs"],"acf":[],"_links":{"self":[{"href":"https:\/\/www.skolyjesenice.cz\/zs\/wp-json\/wp\/v2\/posts\/727","targetHints":{"allow":["GET"]}}],"collection":[{"href":"https:\/\/www.skolyjesenice.cz\/zs\/wp-json\/wp\/v2\/posts"}],"about":[{"href":"https:\/\/www.skolyjesenice.cz\/zs\/wp-json\/wp\/v2\/types\/post"}],"author":[{"embeddable":true,"href":"https:\/\/www.skolyjesenice.cz\/zs\/wp-json\/wp\/v2\/users\/6"}],"replies":[{"embeddable":true,"href":"https:\/\/www.skolyjesenice.cz\/zs\/wp-json\/wp\/v2\/comments?post=727"}],"version-history":[{"count":1,"href":"https:\/\/www.skolyjesenice.cz\/zs\/wp-json\/wp\/v2\/posts\/727\/revisions"}],"predecessor-version":[{"id":728,"href":"https:\/\/www.skolyjesenice.cz\/zs\/wp-json\/wp\/v2\/posts\/727\/revisions\/728"}],"wp:attachment":[{"href":"https:\/\/www.skolyjesenice.cz\/zs\/wp-json\/wp\/v2\/media?parent=727"}],"wp:term":[{"taxonomy":"category","embeddable":true,"href":"https:\/\/www.skolyjesenice.cz\/zs\/wp-json\/wp\/v2\/categories?post=727"},{"taxonomy":"post_tag","embeddable":true,"href":"https:\/\/www.skolyjesenice.cz\/zs\/wp-json\/wp\/v2\/tags?post=727"}],"curies":[{"name":"wp","href":"https:\/\/api.w.org\/{rel}","templated":true}]}}