{"id":715,"date":"2024-05-30T20:43:19","date_gmt":"2024-05-30T18:43:19","guid":{"rendered":"https:\/\/www.skolyjesenice.cz\/zs\/?p=715"},"modified":"2025-01-29T16:16:15","modified_gmt":"2025-01-29T15:16:15","slug":"tyden-s-remesly-a-exkurze-mezi-zahradniky-zemedelce-a-cukrare-rt-zss","status":"publish","type":"post","link":"https:\/\/www.skolyjesenice.cz\/zs\/2024\/05\/30\/tyden-s-remesly-a-exkurze-mezi-zahradniky-zemedelce-a-cukrare-rt-zss\/","title":{"rendered":"T\u00fdden s \u0159emesly, exkurze mezi zahradn\u00edky, zem\u011bd\u011blce a cukr\u00e1\u0159e                      RT Z\u0160S"},"content":{"rendered":"<p>Mezi dal\u0161\u00ed velice poveden\u00e9 projekty v\u00a0na\u0161\u00ed \u0161kole pat\u0159il i \u201eT\u00fdden s\u00a0\u0159emesly\u201c. Krom\u011b pracovn\u00edch list\u016f jsme tentokr\u00e1te dostali i zaj\u00edmav\u00e9 \u00fakoly \u2013 ze \u010dtvrtky \u010di kartonu vytvo\u0159it postavu a obl\u00e9knout ji a stylizovat k\u00a0n\u011bjak\u00e9mu konkr\u00e9tn\u00edmu \u0159emeslu. Vybrali jsme si mal\u00ed\u0159e. Jestli se n\u00e1m to povedlo, se m\u016f\u017eete pod\u00edvat na p\u0159ilo\u017een\u00e9 fotografie n\u00ed\u017ee. Abychom nesed\u011bli po\u0159\u00e1d ve \u0161kole a poznali i n\u011bco nov\u00e9ho, nav\u0161t\u00edvili jsme odborn\u00e9 v\u00fdcviky na st\u0159edn\u00ed \u0161kole. Nejprve jsme se pod\u00edvali mezi zahradn\u00edky. Zkou\u0161eli jsme poznat t\u0159eba sal\u00e1t nebo \u0159edkvi\u010dky, pov\u00eddali jsme si o tom, co takov\u00e1 zelenina a kyti\u010dky v\u016fbec ke sv\u00e9mu \u017eivotu pot\u0159ebuj\u00ed, a jak se o n\u011b m\u00e1me starat. Pot\u00e9 jsme p\u0159e\u0161li k\u00a0zem\u011bd\u011blc\u016fm, kde se n\u00e1m nejv\u00edce l\u00edbili stroje \u2013 zahradn\u00ed trakt\u016frek, velk\u00fd traktor, naklada\u010d, a kdy\u017e jsme si mohli je\u0161t\u011b do t\u011bch stroj\u016f sednout, pane\u010dku, to byl z\u00e1\u017eitek. Jako posledn\u00ed jsme \u201eochutnali\u201c d\u011bn\u00ed u cukr\u00e1\u0159\u016f. Zdobili jsme pern\u00ed\u010dky, kter\u00e9 jsme si i odnesli dom\u016f. Byla to takov\u00e1 sladk\u00e1 te\u010dka za poveden\u00fdmi dny s\u00a0\u0159emesly.<\/p>\n<p>Lucie Krausov\u00e1 Kab\u00e1tov\u00e1, t\u0159. u\u010ditelka<\/p>\n<p>fotografie zde:\u00a0<a href=\"https:\/\/www.rajce.idnes.cz\/zmap\/album\/tyden-s-remesly\">www.rajce.idnes.cz\/zmap\/album\/tyden-s-remesly<\/a><\/p>\n<p>&nbsp;<\/p>\n","protected":false},"excerpt":{"rendered":"<p>Mezi dal\u0161\u00ed velice poveden\u00e9 projekty v\u00a0na\u0161\u00ed \u0161kole pat\u0159il i \u201eT\u00fdden s\u00a0\u0159emesly\u201c. Krom\u011b pracovn\u00edch list\u016f jsme [&hellip;]<\/p>\n","protected":false},"author":6,"featured_media":0,"comment_status":"closed","ping_status":"closed","sticky":false,"template":"","format":"standard","meta":{"_acf_changed":false,"inline_featured_image":false,"footnotes":""},"categories":[1,8],"tags":[],"class_list":["post-715","post","type-post","status-publish","format-standard","hentry","category-aktuality","category-rt-zss"],"acf":[],"_links":{"self":[{"href":"https:\/\/www.skolyjesenice.cz\/zs\/wp-json\/wp\/v2\/posts\/715","targetHints":{"allow":["GET"]}}],"collection":[{"href":"https:\/\/www.skolyjesenice.cz\/zs\/wp-json\/wp\/v2\/posts"}],"about":[{"href":"https:\/\/www.skolyjesenice.cz\/zs\/wp-json\/wp\/v2\/types\/post"}],"author":[{"embeddable":true,"href":"https:\/\/www.skolyjesenice.cz\/zs\/wp-json\/wp\/v2\/users\/6"}],"replies":[{"embeddable":true,"href":"https:\/\/www.skolyjesenice.cz\/zs\/wp-json\/wp\/v2\/comments?post=715"}],"version-history":[{"count":2,"href":"https:\/\/www.skolyjesenice.cz\/zs\/wp-json\/wp\/v2\/posts\/715\/revisions"}],"predecessor-version":[{"id":717,"href":"https:\/\/www.skolyjesenice.cz\/zs\/wp-json\/wp\/v2\/posts\/715\/revisions\/717"}],"wp:attachment":[{"href":"https:\/\/www.skolyjesenice.cz\/zs\/wp-json\/wp\/v2\/media?parent=715"}],"wp:term":[{"taxonomy":"category","embeddable":true,"href":"https:\/\/www.skolyjesenice.cz\/zs\/wp-json\/wp\/v2\/categories?post=715"},{"taxonomy":"post_tag","embeddable":true,"href":"https:\/\/www.skolyjesenice.cz\/zs\/wp-json\/wp\/v2\/tags?post=715"}],"curies":[{"name":"wp","href":"https:\/\/api.w.org\/{rel}","templated":true}]}}