{"id":709,"date":"2024-05-30T20:36:53","date_gmt":"2024-05-30T18:36:53","guid":{"rendered":"https:\/\/www.skolyjesenice.cz\/zs\/?p=709"},"modified":"2025-01-29T16:14:42","modified_gmt":"2025-01-29T15:14:42","slug":"jaro-v-nasi-tride-zss-iii","status":"publish","type":"post","link":"https:\/\/www.skolyjesenice.cz\/zs\/2024\/05\/30\/jaro-v-nasi-tride-zss-iii\/","title":{"rendered":"Jaro v na\u0161\u00ed t\u0159\u00edd\u011b Z\u0160S III."},"content":{"rendered":"<p>Obdob\u00ed jara je tu a s n\u00edm p\u0159ich\u00e1zej\u00ed dal\u0161\u00ed akce v\u00a0na\u0161\u00ed \u0161kole.<\/p>\n<p>P\u0159\u00edroda se n\u00e1m pomalu probouz\u00ed, a tak jsme v\u00a0hodin\u00e1ch p\u0159edm\u011btu pracovn\u00ed v\u00fdchovy nejen shrabali tr\u00e1vu a spadan\u00e9 list\u00ed na \u0161koln\u00edm pozemku, ale tak\u00e9 p\u0159ipravovali n\u00e1\u0161 z\u00e1hon na jarn\u00ed v\u00fdsev. Vypleli jsme jej a pot\u00e9 zaseli sem\u00ednka \u0159edkvi\u010dek a zasadili sazenice raj\u010dat a kedlubn\u016f. V\u00a0tomt\u00e9\u017e p\u0159edm\u011btu jsme si p\u0159ipravili r\u016fzn\u00e9 pokrmy. Jedn\u00edm z\u00a0nich byl puding s\u00a0pi\u0161koty<br \/>\na ovocem a dal\u0161\u00ed byl mou\u010dn\u00edk \u201efale\u0161n\u00fd \u0161tr\u016fdl\u201c, kde jsme pou\u017eili jablka a hru\u0161ky. Pr\u00e1ce v\u0161echny bavila a moc jsme si pochutnali. Na rozvoj motoriky, upevn\u011bn\u00ed pozornosti, soust\u0159ed\u011bnosti<br \/>\na p\u0159esnosti jsme praktikovali mont\u00e1\u017e a demont\u00e1\u017e v\u00fdrobku. Vzhledem tomu, \u017ee se bl\u00ed\u017eily Velikonoce, pr\u00e1ce v p\u0159edm\u011btu v\u00fdtvarn\u00e9 \u010dinnosti se op\u00edrala o sv\u00e1tky jara. Vyr\u00e1b\u011bli jsme p\u0159ev\u00e1\u017en\u011b dekorace z\u00a0b\u0159ezov\u00e9ho prout\u00ed, kter\u00e9 pak byly nab\u00eddnuty na prodejn\u00ed v\u00fdstavu \u0161koly.<\/p>\n<p>Na konci b\u0159ezna jsme si v\u00a0prostor\u00e1ch \u0161koly poslechli p\u0159edn\u00e1\u0161ku MUDr. Luhanov\u00e9 na t\u00e9ma \u201ePrvn\u00ed pomoc\u201c. \u017d\u00e1ci m\u011bli mo\u017enost vyzkou\u0161et si mas\u00e1\u017e srdce na figur\u00edn\u011b.<\/p>\n<p>Za\u010d\u00e1tkem dubna jsme se z\u00fa\u010dastnili projektu Den pro zdrav\u00ed v\u00a0KD Jesenice. Zde jsme m\u011bli mo\u017enost vyzkou\u0161et si r\u016fzn\u00e9 aktivity, jako nap\u0159\u00edklad nasazen\u00ed si a proch\u00e1zku s br\u00fdlemi, kter\u00e9 m\u011bly navodit stav jako p\u0159i opilosti, nechali jsme si zm\u011b\u0159it tlak, nafukovali bal\u00f3nek nebo sestavovali pyramidu zdrav\u00fdch a nezdrav\u00fdch potravin. Na konci jsme ochutnali n\u011bkolik druh\u016f sal\u00e1t\u016f. Nejv\u00edce v\u0161em chutnal ovocn\u00fd a tak\u00e9 mrkvov\u00fd s\u00a0ananasem. A velmi n\u00e1s pot\u011b\u0161ilo, \u017ee jsme si mohli zakoupit z\u00e1kusky, kter\u00e9 vytvo\u0159ili u\u010dni S\u0160 obor cukr\u00e1\u0159.<\/p>\n<p>Na konci dubna si pro n\u00e1s \u0161kola p\u0159ipravila dal\u0161\u00ed p\u011bknou akci a tou byla \u201eT\u00fdden Zem\u011b a vody\u201c. V\u00a0r\u00e1mci t\u011bchto dn\u00ed jsme plnili r\u016fzn\u00e9 \u00fakoly a tak\u00e9 jsme \u0161li na vych\u00e1zku, b\u011bhem n\u00ed\u017e jsme sb\u00edrali odpadky. Na\u0161e kroky sm\u011b\u0159ovaly kolem Fika\u010dsk\u00fdch rybn\u00edk\u016f a d\u00e1l \u017dulovou stezkou. B\u011bhem proch\u00e1zky jsme nasb\u00edrali dost odpadk\u016f, kter\u00e9 do p\u0159\u00edrody rozhodn\u011b nepat\u0159\u00ed. Druh\u00e1 vych\u00e1zka se t\u00fdkala pozn\u00e1v\u00e1n\u00ed rostlin, \u017eivo\u010dich\u016f, povrchu nap\u0159. k\u016fry ze strom\u016f, kamene, v\u016fn\u011b tr\u00e1vy atd.<\/p>\n<p>V\u00a0n\u00e1vaznosti na to jsme se ke konci kv\u011btna \u0161li pod\u00edvat o \u010cOV v\u00a0Jesenici. Zde n\u00e1m poskytl pan T\u00fd\u010de zaj\u00edmavou p\u0159edn\u00e1\u0161ku o tom, jak se voda \u010dist\u00ed a n\u00e1sledn\u011b zpracov\u00e1vaj\u00ed ne\u010distoty. Mimo jin\u00e9 jsme se dozv\u011bd\u011bli, \u017ee kal z\u00a0vody se p\u0159ev\u00e1\u017e\u00ed do \u010cOV v\u00a0Rakovn\u00edku, kde se lisuje a d\u00e1le pou\u017e\u00edv\u00e1 zp\u011bt v\u00a0p\u0159\u00edrod\u011b jako hnojivo. Tato p\u0159edn\u00e1\u0161ka n\u00e1s op\u011bt utvrdla v\u00a0tom, jak se m\u00e1me chovat v\u00a0p\u0159\u00edrod\u011b a k\u00a0p\u0159\u00edrod\u011b.<\/p>\n<p>Bc. Ludmila Kor\u010d\u00e1kov\u00e1, t\u0159. u\u010d.<\/p>\n<p>fotografie zde:<a href=\"https:\/\/www.rajce.idnes.cz\/zmap\/album\/jaro-v-nasi-tride\">www.rajce.idnes.cz\/zmap\/album\/jaro-v-nasi-tride<\/a><\/p>\n<p>&nbsp;<\/p>\n","protected":false},"excerpt":{"rendered":"<p>Obdob\u00ed jara je tu a s n\u00edm p\u0159ich\u00e1zej\u00ed dal\u0161\u00ed akce v\u00a0na\u0161\u00ed \u0161kole. P\u0159\u00edroda se n\u00e1m [&hellip;]<\/p>\n","protected":false},"author":6,"featured_media":0,"comment_status":"closed","ping_status":"closed","sticky":false,"template":"","format":"standard","meta":{"_acf_changed":false,"inline_featured_image":false,"footnotes":""},"categories":[1,7],"tags":[],"class_list":["post-709","post","type-post","status-publish","format-standard","hentry","category-aktuality","category-szs-iii"],"acf":[],"_links":{"self":[{"href":"https:\/\/www.skolyjesenice.cz\/zs\/wp-json\/wp\/v2\/posts\/709","targetHints":{"allow":["GET"]}}],"collection":[{"href":"https:\/\/www.skolyjesenice.cz\/zs\/wp-json\/wp\/v2\/posts"}],"about":[{"href":"https:\/\/www.skolyjesenice.cz\/zs\/wp-json\/wp\/v2\/types\/post"}],"author":[{"embeddable":true,"href":"https:\/\/www.skolyjesenice.cz\/zs\/wp-json\/wp\/v2\/users\/6"}],"replies":[{"embeddable":true,"href":"https:\/\/www.skolyjesenice.cz\/zs\/wp-json\/wp\/v2\/comments?post=709"}],"version-history":[{"count":1,"href":"https:\/\/www.skolyjesenice.cz\/zs\/wp-json\/wp\/v2\/posts\/709\/revisions"}],"predecessor-version":[{"id":710,"href":"https:\/\/www.skolyjesenice.cz\/zs\/wp-json\/wp\/v2\/posts\/709\/revisions\/710"}],"wp:attachment":[{"href":"https:\/\/www.skolyjesenice.cz\/zs\/wp-json\/wp\/v2\/media?parent=709"}],"wp:term":[{"taxonomy":"category","embeddable":true,"href":"https:\/\/www.skolyjesenice.cz\/zs\/wp-json\/wp\/v2\/categories?post=709"},{"taxonomy":"post_tag","embeddable":true,"href":"https:\/\/www.skolyjesenice.cz\/zs\/wp-json\/wp\/v2\/tags?post=709"}],"curies":[{"name":"wp","href":"https:\/\/api.w.org\/{rel}","templated":true}]}}