{"id":703,"date":"2024-05-30T20:31:53","date_gmt":"2024-05-30T18:31:53","guid":{"rendered":"https:\/\/www.skolyjesenice.cz\/zs\/?p=703"},"modified":"2025-01-29T16:14:49","modified_gmt":"2025-01-29T15:14:49","slug":"jaro-v-nasi-zlute-tride-zss-ii","status":"publish","type":"post","link":"https:\/\/www.skolyjesenice.cz\/zs\/2024\/05\/30\/jaro-v-nasi-zlute-tride-zss-ii\/","title":{"rendered":"Jaro v na\u0161\u00ed \u017elut\u00e9 t\u0159\u00edd\u011b Z\u0160S II."},"content":{"rendered":"<p>eliko\u017e p\u0159ich\u00e1z\u00ed jaro, vyzdobili jsme si t\u0159\u00eddu obr\u00e1zky s\u00a0jarn\u00ed t\u00e9matikou, abychom ho n\u00e1le\u017eit\u011b p\u0159iv\u00edtali. Nav\u0161t\u00edvili jsme Vlastiv\u011bdn\u00e9 muzeum v Jesenic\u00edch, kde prob\u00edhala v\u00fdstava s velikono\u010dn\u00ed t\u00e9matikou a ve t\u0159\u00edd\u011b jsem si pot\u00e9 vyrobili velikono\u010dn\u00ed kraslice a odnesli si je dom\u016f. B\u011bhem jarn\u00edho obdob\u00ed u n\u00e1s ve \u0161kole tak\u00e9 prob\u00edhaly r\u016fzn\u00e9 projektov\u00e9 dny. Prvn\u00ed projekt nesl\u00a0n\u00e1zev ,,Dny Zem\u011b a vody\u201c a my b\u011bhem n\u011bho pracovali v\u00a0pracovn\u00edch listech, \u010detli si nap\u0159. o kolob\u011bhu vody, tvo\u0159ili t\u0159\u00eddn\u00ed plak\u00e1t, sb\u00edrali i t\u0159\u00eddili odpad a zkou\u0161eli si r\u016fzn\u00e9 pokusy s\u00a0vodou. Na \u0161koln\u00edm pozemku jsme s\u00e1zeli raj\u010data, kedlubny a \u0159edkvi\u010dky. Tak\u00e9 jsme si ve t\u0159\u00edd\u011b zasadili \u0159e\u0159ichu a pot\u00e9 si z\u00a0n\u00ed ud\u011blali v\u00fdbornou pomaz\u00e1nku. Odm\u011bnou n\u00e1m byla exkurze v m\u00edstn\u00ed \u010disti\u010dce vod, kde jsme si mohli v\u0161e prohl\u00e9dnout a dozv\u011bd\u011bt se, jak \u00a0se \u010dist\u00ed odpadn\u00ed voda v\u00a0Jesenic\u00edch. Netrvalo dlouho a za\u010dali n\u00e1m nov\u00e9 projektov\u00e9 dny s n\u00e1zvem ,,T\u00fdden s \u0159emesly\u201c. V\u00a0t\u011bchto dnech jsme op\u011bt nav\u0161t\u00edvili m\u00edstn\u00ed muzeum, kde prob\u00edhala v\u00fdstava star\u00fdch \u0159emesel a bedn\u00e1\u0159sk\u00e9 d\u00edlny. Nav\u0161t\u00edvili jsme tak\u00e9 d\u00edlny cukr\u00e1\u0159\u016f, zem\u011bd\u011blc\u016f a zahradn\u00edk\u016f ze\u00a0S\u0160 Jesenice a dozv\u011bd\u011bli se, co vykon\u00e1v\u00e1n\u00ed t\u011bchto \u0159emesel obn\u00e1\u0161\u00ed. U cukr\u00e1\u0159\u016f jsme si tak\u00e9 mohli vyzkou\u0161et zdoben\u00ed pern\u00ed\u010dk\u016f, z\u00a0\u010deho\u017e jsme m\u011bli velikou radost. Ve \u0161kole jsme pracovali v\u00a0pracovn\u00edch listech, d\u00edvali se na r\u016fzn\u00e1 videa o \u0159emeslech, vyrobili si postavi\u010dku kucha\u0159e a T\u0159\u00eddn\u00ed knihu v\u00fdkres\u016f Z\u0160S II. Leto\u0161n\u00ed jaro ve \u0161kole se n\u00e1m moc l\u00edbilo a t\u011b\u0161\u00edme se na dal\u0161\u00ed akce, kter\u00e9 n\u00e1s jist\u011b brzy \u010dekaj\u00ed.<\/p>\n<p>Ing. Veronika Sou\u010dkov\u00e1, t\u0159. u\u010d.<\/p>\n<p>fotografie zde:\u00a0<a href=\"https:\/\/www.rajce.idnes.cz\/zmap\/album\/jaro-v-nasi-zlute-tride\">www.rajce.idnes.cz\/zmap\/album\/jaro-v-nasi-zlute-tride<\/a><\/p>\n<p>&nbsp;<\/p>\n","protected":false},"excerpt":{"rendered":"<p>eliko\u017e p\u0159ich\u00e1z\u00ed jaro, vyzdobili jsme si t\u0159\u00eddu obr\u00e1zky s\u00a0jarn\u00ed t\u00e9matikou, abychom ho n\u00e1le\u017eit\u011b p\u0159iv\u00edtali. Nav\u0161t\u00edvili [&hellip;]<\/p>\n","protected":false},"author":6,"featured_media":0,"comment_status":"closed","ping_status":"closed","sticky":false,"template":"","format":"standard","meta":{"_acf_changed":false,"inline_featured_image":false,"footnotes":""},"categories":[1,6],"tags":[],"class_list":["post-703","post","type-post","status-publish","format-standard","hentry","category-aktuality","category-szs-ii"],"acf":[],"_links":{"self":[{"href":"https:\/\/www.skolyjesenice.cz\/zs\/wp-json\/wp\/v2\/posts\/703","targetHints":{"allow":["GET"]}}],"collection":[{"href":"https:\/\/www.skolyjesenice.cz\/zs\/wp-json\/wp\/v2\/posts"}],"about":[{"href":"https:\/\/www.skolyjesenice.cz\/zs\/wp-json\/wp\/v2\/types\/post"}],"author":[{"embeddable":true,"href":"https:\/\/www.skolyjesenice.cz\/zs\/wp-json\/wp\/v2\/users\/6"}],"replies":[{"embeddable":true,"href":"https:\/\/www.skolyjesenice.cz\/zs\/wp-json\/wp\/v2\/comments?post=703"}],"version-history":[{"count":1,"href":"https:\/\/www.skolyjesenice.cz\/zs\/wp-json\/wp\/v2\/posts\/703\/revisions"}],"predecessor-version":[{"id":704,"href":"https:\/\/www.skolyjesenice.cz\/zs\/wp-json\/wp\/v2\/posts\/703\/revisions\/704"}],"wp:attachment":[{"href":"https:\/\/www.skolyjesenice.cz\/zs\/wp-json\/wp\/v2\/media?parent=703"}],"wp:term":[{"taxonomy":"category","embeddable":true,"href":"https:\/\/www.skolyjesenice.cz\/zs\/wp-json\/wp\/v2\/categories?post=703"},{"taxonomy":"post_tag","embeddable":true,"href":"https:\/\/www.skolyjesenice.cz\/zs\/wp-json\/wp\/v2\/tags?post=703"}],"curies":[{"name":"wp","href":"https:\/\/api.w.org\/{rel}","templated":true}]}}