{"id":695,"date":"2024-03-01T20:23:43","date_gmt":"2024-03-01T19:23:43","guid":{"rendered":"https:\/\/www.skolyjesenice.cz\/zs\/?p=695"},"modified":"2025-01-29T16:15:01","modified_gmt":"2025-01-29T15:15:01","slug":"karneval-remesla-zss-i","status":"publish","type":"post","link":"https:\/\/www.skolyjesenice.cz\/zs\/2024\/03\/01\/karneval-remesla-zss-i\/","title":{"rendered":"Karneval &#8211; \u0158emesla Z\u0160S I."},"content":{"rendered":"<p>S\u00a0nap\u011bt\u00edm jsme o\u010dek\u00e1vali, jak\u00e9 t\u00e9ma bude vyhl\u00e1\u0161eno na leto\u0161n\u00ed karneval. A do\u010dkali jsme se. T\u00e9matem byla \u0159emesla. Nejd\u0159\u00edve n\u00e1s to trochu zasko\u010dilo, ale po chvilce zamy\u0161len\u00ed, jsme zjistili, \u017ee si s\u00a0maskami hrav\u011b porad\u00edme. Jak\u00fdmi? Mezi prvn\u00edmi byla ukl\u00edze\u010dka\u00a0a \u0159ezn\u00edk, d\u00e1le mal\u00ed\u0159, zedn\u00edk a zahradn\u00edk. Masky se povedly, a dokonce se ukl\u00edze\u010dka s\u00a0\u0159ezn\u00edkem um\u00edstili mezi hlavn\u00edmi v\u00fdhern\u00edmi m\u00edsty. Karneval se vyda\u0159il tak\u00e9 p\u0159edev\u0161\u00edm d\u00edky dobr\u00e9 n\u00e1lad\u011b, kterou zajistily pan\u00ed vychovatelky sout\u011b\u017eemi a diskot\u00e9kou.<\/p>\n<p>T\u011b\u0161\u00edme se na dal\u0161\u00ed!<\/p>\n<p>Bc. \u0160\u00e1rka Fialov\u00e1, t\u0159. u\u010d.<\/p>\n<p>Fotografie zde:\u00a0<a href=\"https:\/\/www.rajce.idnes.cz\/zmap\/album\/karneval-remesla-zss-iii\">www.rajce.idnes.cz\/zmap\/album\/karneval-remesla-zss-iii<\/a><\/p>\n<p>&nbsp;<\/p>\n","protected":false},"excerpt":{"rendered":"<p>S\u00a0nap\u011bt\u00edm jsme o\u010dek\u00e1vali, jak\u00e9 t\u00e9ma bude vyhl\u00e1\u0161eno na leto\u0161n\u00ed karneval. A do\u010dkali jsme se. T\u00e9matem [&hellip;]<\/p>\n","protected":false},"author":6,"featured_media":0,"comment_status":"closed","ping_status":"closed","sticky":false,"template":"","format":"standard","meta":{"_acf_changed":false,"inline_featured_image":false,"footnotes":""},"categories":[1,5],"tags":[],"class_list":["post-695","post","type-post","status-publish","format-standard","hentry","category-aktuality","category-szs-i"],"acf":[],"_links":{"self":[{"href":"https:\/\/www.skolyjesenice.cz\/zs\/wp-json\/wp\/v2\/posts\/695","targetHints":{"allow":["GET"]}}],"collection":[{"href":"https:\/\/www.skolyjesenice.cz\/zs\/wp-json\/wp\/v2\/posts"}],"about":[{"href":"https:\/\/www.skolyjesenice.cz\/zs\/wp-json\/wp\/v2\/types\/post"}],"author":[{"embeddable":true,"href":"https:\/\/www.skolyjesenice.cz\/zs\/wp-json\/wp\/v2\/users\/6"}],"replies":[{"embeddable":true,"href":"https:\/\/www.skolyjesenice.cz\/zs\/wp-json\/wp\/v2\/comments?post=695"}],"version-history":[{"count":1,"href":"https:\/\/www.skolyjesenice.cz\/zs\/wp-json\/wp\/v2\/posts\/695\/revisions"}],"predecessor-version":[{"id":696,"href":"https:\/\/www.skolyjesenice.cz\/zs\/wp-json\/wp\/v2\/posts\/695\/revisions\/696"}],"wp:attachment":[{"href":"https:\/\/www.skolyjesenice.cz\/zs\/wp-json\/wp\/v2\/media?parent=695"}],"wp:term":[{"taxonomy":"category","embeddable":true,"href":"https:\/\/www.skolyjesenice.cz\/zs\/wp-json\/wp\/v2\/categories?post=695"},{"taxonomy":"post_tag","embeddable":true,"href":"https:\/\/www.skolyjesenice.cz\/zs\/wp-json\/wp\/v2\/tags?post=695"}],"curies":[{"name":"wp","href":"https:\/\/api.w.org\/{rel}","templated":true}]}}