{"id":691,"date":"2024-02-06T20:21:07","date_gmt":"2024-02-06T19:21:07","guid":{"rendered":"https:\/\/www.skolyjesenice.cz\/zs\/?p=691"},"modified":"2025-01-29T16:15:21","modified_gmt":"2025-01-29T15:15:21","slug":"ptacci-v-zime-zss-i","status":"publish","type":"post","link":"https:\/\/www.skolyjesenice.cz\/zs\/2024\/02\/06\/ptacci-v-zime-zss-i\/","title":{"rendered":"Pt\u00e1\u010dci v zim\u011b Z\u0160\u0160 I."},"content":{"rendered":"<p>Proto\u017ee jsou zimn\u00ed m\u011bs\u00edce pro p\u0159ezimuj\u00edc\u00ed ptactvo n\u00e1ro\u010dn\u00e9, nejenom\u017ee si o nich pov\u00edd\u00e1me, ale tak\u00e9 se o n\u011b star\u00e1me. Sypeme pt\u00e1\u010dk\u016fm slune\u010dnici do krm\u00edtka p\u0159ed \u0161kolou a tak\u00e9 jim krmen\u00ed vyr\u00e1b\u00edme. Samoz\u0159ejm\u011b pou\u017e\u00edv\u00e1me pouze to, co je pro ptactvo vhodn\u00e9 \u2013 slune\u010dnici, jablka, proso, o\u0159\u00ed\u0161ky, ovesn\u00e9 vlo\u010dky. V\u0161e sm\u00edch\u00e1me dohromady a zalijeme s\u00e1dlem do kel\u00edmk\u016f. Po ztuhnut\u00ed krmen\u00ed z kel\u00edmk\u016f vyjmeme, rozv\u011bs\u00edme v okol\u00ed \u0161koly a pozorujeme, jak si pt\u00e1\u010dci pochutn\u00e1vaj\u00ed.<\/p>\n<p>Bc. \u0160\u00e1rka Fialov\u00e1<\/p>\n<p>Fotografie naleznete zde:\u00a0<a href=\"https:\/\/www.rajce.idnes.cz\/zmap\/album\/zss-i-ptacci-v-zime\">www.rajce.idnes.cz\/zmap\/album\/zss-i-ptacci-v-zime<\/a><\/p>\n<p>&nbsp;<\/p>\n","protected":false},"excerpt":{"rendered":"<p>Proto\u017ee jsou zimn\u00ed m\u011bs\u00edce pro p\u0159ezimuj\u00edc\u00ed ptactvo n\u00e1ro\u010dn\u00e9, nejenom\u017ee si o nich pov\u00edd\u00e1me, ale tak\u00e9 [&hellip;]<\/p>\n","protected":false},"author":6,"featured_media":0,"comment_status":"closed","ping_status":"closed","sticky":false,"template":"","format":"standard","meta":{"_acf_changed":false,"inline_featured_image":false,"footnotes":""},"categories":[1,5],"tags":[],"class_list":["post-691","post","type-post","status-publish","format-standard","hentry","category-aktuality","category-szs-i"],"acf":[],"_links":{"self":[{"href":"https:\/\/www.skolyjesenice.cz\/zs\/wp-json\/wp\/v2\/posts\/691","targetHints":{"allow":["GET"]}}],"collection":[{"href":"https:\/\/www.skolyjesenice.cz\/zs\/wp-json\/wp\/v2\/posts"}],"about":[{"href":"https:\/\/www.skolyjesenice.cz\/zs\/wp-json\/wp\/v2\/types\/post"}],"author":[{"embeddable":true,"href":"https:\/\/www.skolyjesenice.cz\/zs\/wp-json\/wp\/v2\/users\/6"}],"replies":[{"embeddable":true,"href":"https:\/\/www.skolyjesenice.cz\/zs\/wp-json\/wp\/v2\/comments?post=691"}],"version-history":[{"count":1,"href":"https:\/\/www.skolyjesenice.cz\/zs\/wp-json\/wp\/v2\/posts\/691\/revisions"}],"predecessor-version":[{"id":692,"href":"https:\/\/www.skolyjesenice.cz\/zs\/wp-json\/wp\/v2\/posts\/691\/revisions\/692"}],"wp:attachment":[{"href":"https:\/\/www.skolyjesenice.cz\/zs\/wp-json\/wp\/v2\/media?parent=691"}],"wp:term":[{"taxonomy":"category","embeddable":true,"href":"https:\/\/www.skolyjesenice.cz\/zs\/wp-json\/wp\/v2\/categories?post=691"},{"taxonomy":"post_tag","embeddable":true,"href":"https:\/\/www.skolyjesenice.cz\/zs\/wp-json\/wp\/v2\/tags?post=691"}],"curies":[{"name":"wp","href":"https:\/\/api.w.org\/{rel}","templated":true}]}}