{"id":688,"date":"2024-02-06T20:19:31","date_gmt":"2024-02-06T19:19:31","guid":{"rendered":"https:\/\/www.skolyjesenice.cz\/zs\/?p=688"},"modified":"2025-01-29T16:15:27","modified_gmt":"2025-01-29T15:15:27","slug":"prace-v-kuchynce-zss-i","status":"publish","type":"post","link":"https:\/\/www.skolyjesenice.cz\/zs\/2024\/02\/06\/prace-v-kuchynce-zss-i\/","title":{"rendered":"Pr\u00e1ce v kuchy\u0148ce ZS\u0160 I."},"content":{"rendered":"<p>Proto\u017ee jsme dostali do t\u0159\u00eddy ml\u00e9\u010dn\u00e9 v\u00fdrobky, mezi kter\u00fdmi bylo tak\u00e9 n\u011bkolik tvaroh\u016f, rozhodli jsme se, \u017ee si upe\u010deme tvarohov\u00fd kol\u00e1\u010d. Nejd\u0159\u00edve do\u0161lo ve \u0161koln\u00ed kuchy\u0148ce k\u00a0sezn\u00e1men\u00ed s\u00a0receptem a samoz\u0159ejm\u011b jsme nezapomn\u011bli na spr\u00e1vnou hygienu \u2013 umyt\u00e9 ruce a z\u00e1st\u011brky. Pot\u00e9 se v\u0161ichni \u017e\u00e1ci zapojili do p\u0159\u00edpravy t\u011bsta. T\u011bsto je ji\u017e v\u00a0pek\u00e1\u010dku, pe\u010de se v\u00a0troub\u011b a my s\u00a0nap\u011bt\u00edm \u010dek\u00e1me, jak to dopadne. Mou\u010dn\u00edk se poda\u0159il a my jsme si moc pochutnali.<\/p>\n<p>Bc. \u0160\u00e1rka Fialov\u00e1<\/p>\n<p>Fotografie naleznete zde:\u00a0<a href=\"https:\/\/www.rajce.idnes.cz\/zmap\/album\/zss-i-prace-v-kuchynce\">www.rajce.idnes.cz\/zmap\/album\/zss-i-prace-v-kuchynce<\/a><\/p>\n<p>&nbsp;<\/p>\n","protected":false},"excerpt":{"rendered":"<p>Proto\u017ee jsme dostali do t\u0159\u00eddy ml\u00e9\u010dn\u00e9 v\u00fdrobky, mezi kter\u00fdmi bylo tak\u00e9 n\u011bkolik tvaroh\u016f, rozhodli jsme [&hellip;]<\/p>\n","protected":false},"author":6,"featured_media":0,"comment_status":"closed","ping_status":"closed","sticky":false,"template":"","format":"standard","meta":{"_acf_changed":false,"inline_featured_image":false,"footnotes":""},"categories":[1,5],"tags":[],"class_list":["post-688","post","type-post","status-publish","format-standard","hentry","category-aktuality","category-szs-i"],"acf":[],"_links":{"self":[{"href":"https:\/\/www.skolyjesenice.cz\/zs\/wp-json\/wp\/v2\/posts\/688","targetHints":{"allow":["GET"]}}],"collection":[{"href":"https:\/\/www.skolyjesenice.cz\/zs\/wp-json\/wp\/v2\/posts"}],"about":[{"href":"https:\/\/www.skolyjesenice.cz\/zs\/wp-json\/wp\/v2\/types\/post"}],"author":[{"embeddable":true,"href":"https:\/\/www.skolyjesenice.cz\/zs\/wp-json\/wp\/v2\/users\/6"}],"replies":[{"embeddable":true,"href":"https:\/\/www.skolyjesenice.cz\/zs\/wp-json\/wp\/v2\/comments?post=688"}],"version-history":[{"count":2,"href":"https:\/\/www.skolyjesenice.cz\/zs\/wp-json\/wp\/v2\/posts\/688\/revisions"}],"predecessor-version":[{"id":690,"href":"https:\/\/www.skolyjesenice.cz\/zs\/wp-json\/wp\/v2\/posts\/688\/revisions\/690"}],"wp:attachment":[{"href":"https:\/\/www.skolyjesenice.cz\/zs\/wp-json\/wp\/v2\/media?parent=688"}],"wp:term":[{"taxonomy":"category","embeddable":true,"href":"https:\/\/www.skolyjesenice.cz\/zs\/wp-json\/wp\/v2\/categories?post=688"},{"taxonomy":"post_tag","embeddable":true,"href":"https:\/\/www.skolyjesenice.cz\/zs\/wp-json\/wp\/v2\/tags?post=688"}],"curies":[{"name":"wp","href":"https:\/\/api.w.org\/{rel}","templated":true}]}}