{"id":681,"date":"2024-05-30T20:13:52","date_gmt":"2024-05-30T18:13:52","guid":{"rendered":"https:\/\/www.skolyjesenice.cz\/zs\/?p=681"},"modified":"2025-01-29T16:17:54","modified_gmt":"2025-01-29T15:17:54","slug":"kveten-2024-zs-ii","status":"publish","type":"post","link":"https:\/\/www.skolyjesenice.cz\/zs\/2024\/05\/30\/kveten-2024-zs-ii\/","title":{"rendered":"Kv\u011bten 2024 Z\u0160 II."},"content":{"rendered":"<p>Za\u010d\u00e1tkem kv\u011btna jsme si u\u017eili \u0159editelsk\u00e9 volno a pak hur\u00e1 do dal\u0161\u00edho projektu, tentokr\u00e1t s\u00a0n\u00e1zvem \u0158EMESLA. V\u00a0r\u00e1mci projektu jsme si u\u017eili nachystan\u00e9 aktivity nejen v\u00a0t\u011blocvi\u010dn\u011b, ale i ve \u0161koln\u00ed kuchy\u0148ce. Vytv\u00e1\u0159eli jsme prezentaci na t\u00e9ma Truhl\u00e1\u0159. Vyrobili jsme z\u00a0kartonu postavu truhl\u00e1\u0159e i s\u00a0jeho v\u00fdrobkem \u2013 \u017eidl\u00ed. Plnili pracovn\u00ed listy a dal\u0161\u00ed aktivity spojen\u00e9 s\u00a0projektem. Sou\u010d\u00e1st\u00ed projektu byly i exkurze do provozu st\u0159edn\u00ed \u0161koly. Pod\u00edvali jsme se do d\u00edlen odborn\u00e9ho v\u00fdcviku zem\u011bd\u011blc\u016f, kde jsme m\u011bli nachystan\u00e9 drobn\u00e9 \u00fakoly, jako je t\u0159\u00edd\u011bn\u00ed \u0161roub\u016f, zatlouk\u00e1n\u00ed h\u0159eb\u00edk\u016f \u010di prohl\u00eddka zem\u011bd\u011blsk\u00fdch stroj\u016f. D\u00e1le jsme nav\u0161t\u00edvili odborn\u00fd v\u00fdcvik zahradn\u00edk\u016f, pro\u0161li jsme si sklen\u00edk a pozemky, vyzkou\u0161eli jsme si s\u00e1zen\u00ed sazenic do sponu. Za odm\u011bnu ka\u017ed\u00fd \u017e\u00e1k dostal malou kyti\u010dku \u2013 okrasnou kop\u0159ivu. Posledn\u00ed exkurz\u00ed pro na\u0161i t\u0159\u00eddu byla n\u00e1v\u0161t\u011bva cukr\u00e1\u0159sk\u00e9ho provozu, kde jsme m\u011bli mo\u017enost vyzkou\u0161et si pr\u00e1ci s\u00a0lineck\u00fdm t\u011bstem, kter\u00e1 byla asi nejbli\u017e\u0161\u00ed d\u011bv\u010dat\u016fm. Upekli jsme si lineck\u00e9 kyti\u010dky a srd\u00ed\u010dka, na kter\u00fdch jsme si pak pochutnali. \u017d\u00e1k\u016fm exkurze pomohly p\u0159i rozhodov\u00e1n\u00ed k\u00a0dal\u0161\u00edm studiu. Ve \u0161koln\u00ed dru\u017ein\u011b ukon\u010dili projekt \u0158emesla.<\/p>\n<p>Jako ka\u017ed\u00fd rok jsme se tak\u00e9 z\u00fa\u010dastnili p\u011bveck\u00e9 sout\u011b\u017en\u00ed p\u0159ehl\u00eddky Noti\u010dka v\u00a0KD v\u00a0Jesenici.<\/p>\n<p>Op\u011bt jsme nav\u0161t\u00edvili m\u00edstn\u00ed knihovnu, kde jsme vr\u00e1tili vyp\u016fj\u010den\u00e9 knihy a popov\u00eddali si s\u00a0pan\u00ed knihovnic\u00ed.<\/p>\n<p>Posledn\u00ed exkurz\u00ed tohoto m\u011bs\u00edce byla je\u0161t\u011b n\u00e1v\u0161t\u011bva \u010disti\u010dky odpadn\u00edch vod, kter\u00e1 byla velmi zaj\u00edmav\u00e1. \u017d\u00e1ci z\u00edskali mnoho nov\u00fdch informac\u00ed i pou\u010den\u00ed o tom, co do odpadu nepat\u0159\u00ed.<\/p>\n<p>Mgr. Jana M\u011bchurov\u00e1, t\u0159. u\u010d.<\/p>\n<p>fotografie zde:<a href=\"https:\/\/www.rajce.idnes.cz\/zmap\/album\/kveten-2024\">www.rajce.idnes.cz\/zmap\/album\/kveten-2024<\/a><\/p>\n<p>&nbsp;<\/p>\n","protected":false},"excerpt":{"rendered":"<p>Za\u010d\u00e1tkem kv\u011btna jsme si u\u017eili \u0159editelsk\u00e9 volno a pak hur\u00e1 do dal\u0161\u00edho projektu, tentokr\u00e1t s\u00a0n\u00e1zvem [&hellip;]<\/p>\n","protected":false},"author":6,"featured_media":0,"comment_status":"closed","ping_status":"closed","sticky":false,"template":"","format":"standard","meta":{"_acf_changed":false,"inline_featured_image":false,"footnotes":""},"categories":[1,3],"tags":[],"class_list":["post-681","post","type-post","status-publish","format-standard","hentry","category-aktuality","category-zs-ii"],"acf":[],"_links":{"self":[{"href":"https:\/\/www.skolyjesenice.cz\/zs\/wp-json\/wp\/v2\/posts\/681","targetHints":{"allow":["GET"]}}],"collection":[{"href":"https:\/\/www.skolyjesenice.cz\/zs\/wp-json\/wp\/v2\/posts"}],"about":[{"href":"https:\/\/www.skolyjesenice.cz\/zs\/wp-json\/wp\/v2\/types\/post"}],"author":[{"embeddable":true,"href":"https:\/\/www.skolyjesenice.cz\/zs\/wp-json\/wp\/v2\/users\/6"}],"replies":[{"embeddable":true,"href":"https:\/\/www.skolyjesenice.cz\/zs\/wp-json\/wp\/v2\/comments?post=681"}],"version-history":[{"count":2,"href":"https:\/\/www.skolyjesenice.cz\/zs\/wp-json\/wp\/v2\/posts\/681\/revisions"}],"predecessor-version":[{"id":683,"href":"https:\/\/www.skolyjesenice.cz\/zs\/wp-json\/wp\/v2\/posts\/681\/revisions\/683"}],"wp:attachment":[{"href":"https:\/\/www.skolyjesenice.cz\/zs\/wp-json\/wp\/v2\/media?parent=681"}],"wp:term":[{"taxonomy":"category","embeddable":true,"href":"https:\/\/www.skolyjesenice.cz\/zs\/wp-json\/wp\/v2\/categories?post=681"},{"taxonomy":"post_tag","embeddable":true,"href":"https:\/\/www.skolyjesenice.cz\/zs\/wp-json\/wp\/v2\/tags?post=681"}],"curies":[{"name":"wp","href":"https:\/\/api.w.org\/{rel}","templated":true}]}}