{"id":677,"date":"2024-03-30T20:11:05","date_gmt":"2024-03-30T19:11:05","guid":{"rendered":"https:\/\/www.skolyjesenice.cz\/zs\/?p=677"},"modified":"2025-01-29T16:17:54","modified_gmt":"2025-01-29T15:17:54","slug":"brezen-2024-zs-ii","status":"publish","type":"post","link":"https:\/\/www.skolyjesenice.cz\/zs\/2024\/03\/30\/brezen-2024-zs-ii\/","title":{"rendered":"B\u0159ezen 2024 Z\u0160 II."},"content":{"rendered":"<p>Prvn\u00ed jarn\u00ed m\u011bs\u00edc jsme p\u0159iv\u00edtali turnajem ve stoln\u00edm tenisu. Z\u00fa\u010dastnili jsme se turnaje ve St\u0159edn\u00ed \u0161kole, Z\u00e1kladn\u00ed \u0161kole a Mate\u0159sk\u00e9 \u0161kole v\u00a0Rakovn\u00edku. Turnaj se konal ve st\u0159edu 6. b\u0159ezna. Simona st\u00e1la na stupni v\u00edt\u011bz\u016f, um\u00edstila se na 3. m\u00edst\u011b. Gratulujeme.<\/p>\n<p>Star\u0161\u00ed \u017e\u00e1ci patn\u00e1cti let se je\u0161t\u011b 20. b\u0159ezna pod\u00edvali do v\u011bznice v\u00a0Or\u00e1\u010dov\u011b. Byl to pro n\u011b opravdu siln\u00fd z\u00e1\u017eitek.<\/p>\n<p>Na konci m\u011bs\u00edce n\u00e1s op\u011bt nav\u0161t\u00edvila pan\u00ed doktorka Luhanov\u00e1, kter\u00e1 n\u00e1s sezn\u00e1mila s\u00a0prvn\u00ed pomoc\u00ed a radami, jak p\u0159edch\u00e1zet \u00faraz\u016fm.<\/p>\n<p>Mgr. Jana M\u011bchurov\u00e1<\/p>\n<p>fotografie zde:\u00a0<a href=\"https:\/\/www.rajce.idnes.cz\/zmap\/album\/brezen-2024\">www.rajce.idnes.cz\/zmap\/album\/brezen-2024<\/a><\/p>\n<p>&nbsp;<\/p>\n<p>&nbsp;<\/p>\n","protected":false},"excerpt":{"rendered":"<p>Prvn\u00ed jarn\u00ed m\u011bs\u00edc jsme p\u0159iv\u00edtali turnajem ve stoln\u00edm tenisu. Z\u00fa\u010dastnili jsme se turnaje ve St\u0159edn\u00ed [&hellip;]<\/p>\n","protected":false},"author":6,"featured_media":0,"comment_status":"closed","ping_status":"closed","sticky":false,"template":"","format":"standard","meta":{"_acf_changed":false,"inline_featured_image":false,"footnotes":""},"categories":[1,3],"tags":[],"class_list":["post-677","post","type-post","status-publish","format-standard","hentry","category-aktuality","category-zs-ii"],"acf":[],"_links":{"self":[{"href":"https:\/\/www.skolyjesenice.cz\/zs\/wp-json\/wp\/v2\/posts\/677","targetHints":{"allow":["GET"]}}],"collection":[{"href":"https:\/\/www.skolyjesenice.cz\/zs\/wp-json\/wp\/v2\/posts"}],"about":[{"href":"https:\/\/www.skolyjesenice.cz\/zs\/wp-json\/wp\/v2\/types\/post"}],"author":[{"embeddable":true,"href":"https:\/\/www.skolyjesenice.cz\/zs\/wp-json\/wp\/v2\/users\/6"}],"replies":[{"embeddable":true,"href":"https:\/\/www.skolyjesenice.cz\/zs\/wp-json\/wp\/v2\/comments?post=677"}],"version-history":[{"count":1,"href":"https:\/\/www.skolyjesenice.cz\/zs\/wp-json\/wp\/v2\/posts\/677\/revisions"}],"predecessor-version":[{"id":678,"href":"https:\/\/www.skolyjesenice.cz\/zs\/wp-json\/wp\/v2\/posts\/677\/revisions\/678"}],"wp:attachment":[{"href":"https:\/\/www.skolyjesenice.cz\/zs\/wp-json\/wp\/v2\/media?parent=677"}],"wp:term":[{"taxonomy":"category","embeddable":true,"href":"https:\/\/www.skolyjesenice.cz\/zs\/wp-json\/wp\/v2\/categories?post=677"},{"taxonomy":"post_tag","embeddable":true,"href":"https:\/\/www.skolyjesenice.cz\/zs\/wp-json\/wp\/v2\/tags?post=677"}],"curies":[{"name":"wp","href":"https:\/\/api.w.org\/{rel}","templated":true}]}}