{"id":656,"date":"2024-05-29T21:34:50","date_gmt":"2024-05-29T19:34:50","guid":{"rendered":"https:\/\/www.skolyjesenice.cz\/zs\/?p=656"},"modified":"2024-06-02T21:36:09","modified_gmt":"2024-06-02T19:36:09","slug":"exkurze-u-zahradniku-a-zemedelcu","status":"publish","type":"post","link":"https:\/\/www.skolyjesenice.cz\/zs\/2024\/05\/29\/exkurze-u-zahradniku-a-zemedelcu\/","title":{"rendered":"Exkurze u zahradn\u00edk\u016f a zem\u011bd\u011blc\u016f"},"content":{"rendered":"<p>Pl\u00e1novan\u00e1 n\u00e1v\u0161t\u011bva na odborn\u00e9m v\u00fdcviku ve st\u0159edn\u00ed \u0161kole prob\u00edhala b\u011bhem p\u00e1te\u010dn\u00edho dopoledne. Prvn\u00ed bylo zastaven\u00ed u zahradn\u00edk\u016f, kde n\u00e1s pan mistr provedl po cel\u00e9m are\u00e1lu a my si u\u017eili komentovanou prohl\u00eddku. Pot\u00e9 n\u00e1s ale \u010dekala odborn\u00e1 pr\u00e1ce \u2013 s\u00e1zen\u00ed kv\u011btin. Nejd\u0159\u00edve n\u00e1m byl uk\u00e1z\u00e1n p\u0159esn\u00fd postup p\u0159i s\u00e1zen\u00ed a jak s\u00a0rostlinou zach\u00e1zet, abychom j\u00ed nepo\u0161kodili. Pr\u00e1ce se poda\u0159ila. N\u011bkdo to zvl\u00e1dl \u00fapln\u011b s\u00e1m, n\u011bkdo s\u00a0malou pomoc\u00ed. Odm\u011bnou n\u00e1m byla pro ka\u017ed\u00e9ho kv\u011btina.<\/p>\n<p>Tent\u00fd\u017e den jsme zav\u00edtali tak\u00e9 na odborn\u00fd v\u00fdcvik obor zem\u011bd\u011blec. Bylo n\u00e1m umo\u017en\u011bno prozkoumat zem\u011bd\u011blskou techniku, co\u017e byl opravdov\u00fd z\u00e1\u017eitek. Ka\u017ed\u00fd si mohl vyzkou\u0161et sezen\u00ed v\u00a0opravdov\u00e9m traktoru a naklada\u010di.<\/p>\n<p>Po dopoledni pln\u00e9m z\u00e1\u017eitk\u016f jsme se odebrali do \u0161koly posilnit se ob\u011bdem.<\/p>\n<p>Bc. \u0160\u00e1rka Fialov\u00e1, t\u0159. u\u010d.<\/p>\n<p>fotografie zde: <strong><a href=\"https:\/\/www.rajce.idnes.cz\/zmap\/album\/exkurze-u-zahradniku-a-zemedelcu\">www.rajce.idnes.cz\/zmap\/album\/exkurze-u-zahradniku-a-zemedelcu<\/a><\/strong><\/p>\n","protected":false},"excerpt":{"rendered":"<p>Pl\u00e1novan\u00e1 n\u00e1v\u0161t\u011bva na odborn\u00e9m v\u00fdcviku ve st\u0159edn\u00ed \u0161kole prob\u00edhala b\u011bhem p\u00e1te\u010dn\u00edho dopoledne. Prvn\u00ed bylo zastaven\u00ed [&hellip;]<\/p>\n","protected":false},"author":6,"featured_media":0,"comment_status":"closed","ping_status":"closed","sticky":false,"template":"","format":"standard","meta":{"_acf_changed":false,"inline_featured_image":false,"footnotes":""},"categories":[1],"tags":[],"class_list":["post-656","post","type-post","status-publish","format-standard","hentry","category-aktuality"],"acf":[],"_links":{"self":[{"href":"https:\/\/www.skolyjesenice.cz\/zs\/wp-json\/wp\/v2\/posts\/656","targetHints":{"allow":["GET"]}}],"collection":[{"href":"https:\/\/www.skolyjesenice.cz\/zs\/wp-json\/wp\/v2\/posts"}],"about":[{"href":"https:\/\/www.skolyjesenice.cz\/zs\/wp-json\/wp\/v2\/types\/post"}],"author":[{"embeddable":true,"href":"https:\/\/www.skolyjesenice.cz\/zs\/wp-json\/wp\/v2\/users\/6"}],"replies":[{"embeddable":true,"href":"https:\/\/www.skolyjesenice.cz\/zs\/wp-json\/wp\/v2\/comments?post=656"}],"version-history":[{"count":1,"href":"https:\/\/www.skolyjesenice.cz\/zs\/wp-json\/wp\/v2\/posts\/656\/revisions"}],"predecessor-version":[{"id":657,"href":"https:\/\/www.skolyjesenice.cz\/zs\/wp-json\/wp\/v2\/posts\/656\/revisions\/657"}],"wp:attachment":[{"href":"https:\/\/www.skolyjesenice.cz\/zs\/wp-json\/wp\/v2\/media?parent=656"}],"wp:term":[{"taxonomy":"category","embeddable":true,"href":"https:\/\/www.skolyjesenice.cz\/zs\/wp-json\/wp\/v2\/categories?post=656"},{"taxonomy":"post_tag","embeddable":true,"href":"https:\/\/www.skolyjesenice.cz\/zs\/wp-json\/wp\/v2\/tags?post=656"}],"curies":[{"name":"wp","href":"https:\/\/api.w.org\/{rel}","templated":true}]}}