{"id":651,"date":"2024-05-29T21:31:47","date_gmt":"2024-05-29T19:31:47","guid":{"rendered":"https:\/\/www.skolyjesenice.cz\/zs\/?p=651"},"modified":"2024-06-02T21:32:52","modified_gmt":"2024-06-02T19:32:52","slug":"exkurze-v-lubenci-skloart","status":"publish","type":"post","link":"https:\/\/www.skolyjesenice.cz\/zs\/2024\/05\/29\/exkurze-v-lubenci-skloart\/","title":{"rendered":"Exkurze v Lubenci &#8211; Skloart"},"content":{"rendered":"<p>Co je to VITR\u00c1\u017d a kdo je VITR\u00c1\u017dISTA? V\u00fdznam t\u011bchto slov byl pro n\u00e1s dosud nezn\u00e1m\u00fd. A tak jsme se vydali v\u0161e zjistit. Cesta do Lubence byla v\u00fdjime\u010dn\u00e1 z d\u016fvodu v\u00fdluky na \u017eelezni\u010dn\u00ed trati. A tak jsme se projeli jak autobusem, tak vlakem. V Lubenci na n\u00e1s ji\u017e \u010dekali man\u017eel\u00e9 Kantovi, majitel\u00e9 firmy Skloart a obch\u016fdku pln\u00e9ho kr\u00e1sn\u00fdch um\u011bleck\u00fdch v\u00fdtvor\u016f. Po prohl\u00eddce obch\u016fdku n\u00e1m bylo umo\u017en\u011bno posezen\u00ed ve dvo\u0159e, kde jsme posva\u010dili a pot\u00e9 hur\u00e1 na kr\u00e1tk\u00fd film, kter\u00fd n\u00e1m poodhalil tajemstv\u00ed vitr\u00e1\u017e\u00ed.\u00a0 Nechyb\u011bla ani prohl\u00eddka d\u00edlny, ve kter\u00e9 n\u00e1m zam\u011bstnanci uk\u00e1zali pr\u00e1ci s barevn\u00fdmi skly. A nakonec to nejlep\u0161\u00ed \u2013 d\u00edlni\u010dky, kter\u00e9 pro n\u00e1s p\u0159ipravila jedna ze zam\u011bstnanky\u0148 firmy. Ka\u017ed\u00fd z n\u00e1s si vyrobil z barevn\u00fdch skl\u00ed\u010dek mozaikov\u00fd obr\u00e1zek se srd\u00ed\u010dkem. Pr\u00e1ce to byla velice zaj\u00edmav\u00e1 a my u\u017e v\u00edme, \u010d\u00edm se vitr\u00e1\u017eist\u00e9 zab\u00fdvaj\u00ed. Na z\u00e1v\u011br exkurze jsme si pochutnali na zmrzlin\u011b a vy\u0159\u00e1dili se na d\u011btsk\u00e9m h\u0159i\u0161ti.<\/p>\n<p>&nbsp;<\/p>\n<p>Bc. \u0160\u00e1rka Fialov\u00e1, t\u0159. u\u010d.<\/p>\n<p>&nbsp;<\/p>\n<p>fotografie zde: <strong>www.rajce.idnes.cz\/zmap\/album\/exkurze-lubenec-skloart<\/strong><\/p>\n","protected":false},"excerpt":{"rendered":"<p>Co je to VITR\u00c1\u017d a kdo je VITR\u00c1\u017dISTA? V\u00fdznam t\u011bchto slov byl pro n\u00e1s dosud [&hellip;]<\/p>\n","protected":false},"author":6,"featured_media":0,"comment_status":"closed","ping_status":"closed","sticky":false,"template":"","format":"standard","meta":{"_acf_changed":false,"inline_featured_image":false,"footnotes":""},"categories":[1],"tags":[],"class_list":["post-651","post","type-post","status-publish","format-standard","hentry","category-aktuality"],"acf":[],"_links":{"self":[{"href":"https:\/\/www.skolyjesenice.cz\/zs\/wp-json\/wp\/v2\/posts\/651","targetHints":{"allow":["GET"]}}],"collection":[{"href":"https:\/\/www.skolyjesenice.cz\/zs\/wp-json\/wp\/v2\/posts"}],"about":[{"href":"https:\/\/www.skolyjesenice.cz\/zs\/wp-json\/wp\/v2\/types\/post"}],"author":[{"embeddable":true,"href":"https:\/\/www.skolyjesenice.cz\/zs\/wp-json\/wp\/v2\/users\/6"}],"replies":[{"embeddable":true,"href":"https:\/\/www.skolyjesenice.cz\/zs\/wp-json\/wp\/v2\/comments?post=651"}],"version-history":[{"count":1,"href":"https:\/\/www.skolyjesenice.cz\/zs\/wp-json\/wp\/v2\/posts\/651\/revisions"}],"predecessor-version":[{"id":652,"href":"https:\/\/www.skolyjesenice.cz\/zs\/wp-json\/wp\/v2\/posts\/651\/revisions\/652"}],"wp:attachment":[{"href":"https:\/\/www.skolyjesenice.cz\/zs\/wp-json\/wp\/v2\/media?parent=651"}],"wp:term":[{"taxonomy":"category","embeddable":true,"href":"https:\/\/www.skolyjesenice.cz\/zs\/wp-json\/wp\/v2\/categories?post=651"},{"taxonomy":"post_tag","embeddable":true,"href":"https:\/\/www.skolyjesenice.cz\/zs\/wp-json\/wp\/v2\/tags?post=651"}],"curies":[{"name":"wp","href":"https:\/\/api.w.org\/{rel}","templated":true}]}}