{"id":648,"date":"2024-05-20T18:37:55","date_gmt":"2024-05-20T16:37:55","guid":{"rendered":"https:\/\/www.skolyjesenice.cz\/zs\/?p=648"},"modified":"2024-05-21T18:38:31","modified_gmt":"2024-05-21T16:38:31","slug":"tyden-zeme-a-vody-v-roce-2024","status":"publish","type":"post","link":"https:\/\/www.skolyjesenice.cz\/zs\/2024\/05\/20\/tyden-zeme-a-vody-v-roce-2024\/","title":{"rendered":"T\u00fdden Zem\u011b a vody v roce 2024"},"content":{"rendered":"<h1>T\u00fdden Zem\u011b a vody v roce 2024<\/h1>\n<div class=\"wsw\">\n<p>V\u00a0druh\u00e9 polovin\u011b dubna celou \u0161kolu \u010dekaly aktivity k projektov\u00e9mu \u201eT\u00fddnu Zem\u011b a vody\u201c. Zah\u00e1jen\u00ed prob\u011bhlo v\u00a0dru\u017ein\u011b. Po \u00favodn\u00ed motivaci obdr\u017eeli \u017e\u00e1ci slo\u017eku s\u00a0n\u00e1m\u011bty a \u00fakoly, kter\u00e9 postupn\u011b, a za pomoci pan\u00ed u\u010ditelek i asistentek, plnili ve sv\u00fdch t\u0159\u00edd\u00e1ch. \u010cinnosti byly r\u016fzn\u00e9: t\u0159\u00edd\u011bn\u00ed odpad\u016f, \u00faklid v\u00a0okol\u00ed \u0161koly, spr\u00e1vn\u00e9 chov\u00e1n\u00ed v\u00a0p\u0159\u00edrod\u011b, zji\u0161\u0165ov\u00e1n\u00ed podm\u00ednek r\u016fstu rostlin ad. Dny Zem\u011b jsou ji\u017e tradi\u010dn\u00ed akc\u00ed na\u0161\u00ed \u0161koly, v\u00a0leto\u0161n\u00edm roce ale p\u0159ibylo n\u011bkolik nov\u00fdch, praktick\u00fdch \u010dinnost\u00ed.<\/p>\n<p>\u017d\u00e1k\u016fm se nejv\u00edce l\u00edbily pokusy s\u00a0vodou, p\u0159i kter\u00fdch mohli pochopit nap\u0159. princip t\u00e1n\u00ed, tuhnut\u00ed, kapaln\u011bn\u00ed a vypa\u0159ov\u00e1n\u00ed. Zkusili si tak\u00e9 pracovat s\u00a0principem spojen\u00fdch n\u00e1dob a sezn\u00e1mili se s\u00a0tlakem vody. Star\u0161\u00ed \u017e\u00e1ci zjistili, jak je to s tlakem ve vod\u011b \u2013 princip p\u0159ehrad a hr\u00e1z\u00ed.\u00a0 Pro\u010d se ve slan\u00e9 vod\u011b nau\u010d\u00edme l\u00e9pe plavat a v\u00a0jak\u00e9m po\u010das\u00ed pr\u00e1dlo d\u0159\u00edve uschne. Mnoho praktick\u00fdch \u010dinnost\u00ed otev\u0159elo \u017e\u00e1k\u016fm nov\u00e9 obzory. Tyto poznatky mohou vyu\u017e\u00edt v\u00a0b\u011b\u017en\u00e9m \u017eivot\u011b, p\u0159i pr\u00e1ci doma i venku na zahrad\u011b. Sou\u010d\u00e1st\u00ed bylo si z\u00a0vyp\u011bstovan\u00fdch bylinek p\u0159ipravit pomaz\u00e1nku na sva\u010dinu. N\u011bkte\u0159\u00ed \u017e\u00e1ci zvl\u00e1dli z\u00a0dan\u00fdch aktivit nato\u010dit video. Ka\u017ed\u00e1 t\u0159\u00edda dostala za \u00fakol vytvo\u0159it plak\u00e1t \u010di model na dan\u00e9 t\u00e9ma. Povedlo se, a po prezentaci p\u0159i ukon\u010den\u00ed projektov\u00fdch dn\u00ed, hotov\u00e9 v\u00fdrobky zdob\u00ed prostory \u0161koly. Jako odm\u011bnu po dobr\u00e9 pr\u00e1ci, dostali \u017e\u00e1ci pouk\u00e1zku na exkurzi do \u010disti\u010dky odpadn\u00edch vod, diplom za spln\u011bn\u00ed a nanuk, na kter\u00e9m si v\u0161ichni spole\u010dn\u011b pochutnali.<\/p>\n<p>Mgr. Mark\u00e9ta Uhrov\u00e1, Bc. Lucie Krausov\u00e1 Kab\u00e1tov\u00e1<\/p>\n<p>Fotografie zde:\u00a0<a href=\"https:\/\/www.rajce.idnes.cz\/zmap\/album\/tyden-zeme-a-vody-2024\">www.rajce.idnes.cz\/zmap\/album\/tyden-zeme-a-vody-2024<\/a><\/p>\n<\/div>\n","protected":false},"excerpt":{"rendered":"<p>T\u00fdden Zem\u011b a vody v roce 2024 V\u00a0druh\u00e9 polovin\u011b dubna celou \u0161kolu \u010dekaly aktivity k [&hellip;]<\/p>\n","protected":false},"author":6,"featured_media":0,"comment_status":"closed","ping_status":"closed","sticky":false,"template":"","format":"standard","meta":{"_acf_changed":false,"inline_featured_image":false,"footnotes":""},"categories":[1],"tags":[],"class_list":["post-648","post","type-post","status-publish","format-standard","hentry","category-aktuality"],"acf":[],"_links":{"self":[{"href":"https:\/\/www.skolyjesenice.cz\/zs\/wp-json\/wp\/v2\/posts\/648","targetHints":{"allow":["GET"]}}],"collection":[{"href":"https:\/\/www.skolyjesenice.cz\/zs\/wp-json\/wp\/v2\/posts"}],"about":[{"href":"https:\/\/www.skolyjesenice.cz\/zs\/wp-json\/wp\/v2\/types\/post"}],"author":[{"embeddable":true,"href":"https:\/\/www.skolyjesenice.cz\/zs\/wp-json\/wp\/v2\/users\/6"}],"replies":[{"embeddable":true,"href":"https:\/\/www.skolyjesenice.cz\/zs\/wp-json\/wp\/v2\/comments?post=648"}],"version-history":[{"count":1,"href":"https:\/\/www.skolyjesenice.cz\/zs\/wp-json\/wp\/v2\/posts\/648\/revisions"}],"predecessor-version":[{"id":649,"href":"https:\/\/www.skolyjesenice.cz\/zs\/wp-json\/wp\/v2\/posts\/648\/revisions\/649"}],"wp:attachment":[{"href":"https:\/\/www.skolyjesenice.cz\/zs\/wp-json\/wp\/v2\/media?parent=648"}],"wp:term":[{"taxonomy":"category","embeddable":true,"href":"https:\/\/www.skolyjesenice.cz\/zs\/wp-json\/wp\/v2\/categories?post=648"},{"taxonomy":"post_tag","embeddable":true,"href":"https:\/\/www.skolyjesenice.cz\/zs\/wp-json\/wp\/v2\/tags?post=648"}],"curies":[{"name":"wp","href":"https:\/\/api.w.org\/{rel}","templated":true}]}}