{"id":646,"date":"2024-04-29T18:37:15","date_gmt":"2024-04-29T16:37:15","guid":{"rendered":"https:\/\/www.skolyjesenice.cz\/zs\/?p=646"},"modified":"2024-05-21T18:37:49","modified_gmt":"2024-05-21T16:37:49","slug":"carodejnice-2024","status":"publish","type":"post","link":"https:\/\/www.skolyjesenice.cz\/zs\/2024\/04\/29\/carodejnice-2024\/","title":{"rendered":"\u010carod\u011bjnice 2024"},"content":{"rendered":"<h1>\u010carod\u011bjnice 2024<\/h1>\n<div class=\"wsw\">\n<p>Ve st\u0159edu 24. dubna, letos tro\u0161ku s\u00a0p\u0159edstihem, p\u0159ilet\u011bla do \u0161koln\u00ed dru\u017einy ji\u017e pro \u017e\u00e1ky zn\u00e1m\u00e1 \u010darod\u011bjnice Bludim\u00edra a spole\u010dn\u011b se sv\u00fdmi pomocnicemi pozvala v\u0161echny \u017e\u00e1ky na odpoledne s\u00a0pln\u011bn\u00edm \u010darod\u011bjn\u00fdch \u00fakol\u016f, kdy si pak po jejich spln\u011bn\u00ed vybere schopn\u00e9 \u010darod\u011bje a \u010darod\u011bjky za dal\u0161\u00ed sv\u00e9 pomocn\u00edky. \u017d\u00e1ci si vyzkou\u0161eli let na ko\u0161t\u011bti p\u0159es r\u016fzn\u00e9 p\u0159ek\u00e1\u017eky, nakrmili \u010darod\u011bjnici, zahr\u00e1li si \u010darod\u011bjn\u00e9 pi\u0161kvorky, chytali \u010dervy a h\u00e1zeli \u017e\u00e1bami a \u010darod\u011bjnick\u00fdm okem do kotl\u00edku, aby si pak mohli uva\u0159it \u010darod\u011bjn\u00fd letkvar. Ka\u017ed\u00fd si tak\u00e9 ud\u011blal otisk na dal\u0161\u00ed str\u00e1nku Lexikonu kouzel, kter\u00fd si vyrobili v\u00a0lo\u0148sk\u00e9m roce. Mal\u00ed \u010darod\u011bjov\u00e9 \u00fakoly splnili, nikdo p\u0159i letu na ko\u0161t\u011bti nezabloudil a v\u0161ichni se vr\u00e1tili zp\u011bt do \u0161koly, a tak si zaslou\u017eili odm\u011bnu. Ka\u017ed\u00fd si vybral hada na kouzeln\u00e9 h\u016flce a l\u00edz\u00e1tkov\u00e9ho ducha. Odm\u011bny p\u0159ipravili n\u011bkte\u0159\u00ed intern\u00e1tn\u00ed \u017e\u00e1ci p\u0159ede\u0161l\u00fd den ve tvo\u0159iv\u00e9m ateli\u00e9ru, jako p\u0159ekvapen\u00ed pro ostatn\u00ed.<\/p>\n<p>Fotografie zde:<a href=\"https:\/\/www.rajce.idnes.cz\/zmap\/album\/carodejnice-2024\">www.rajce.idnes.cz\/zmap\/album\/carodejnice-2024<\/a><\/p>\n<p>Libu\u0161e \u0160mausov\u00e1<\/p>\n<\/div>\n","protected":false},"excerpt":{"rendered":"<p>\u010carod\u011bjnice 2024 Ve st\u0159edu 24. dubna, letos tro\u0161ku s\u00a0p\u0159edstihem, p\u0159ilet\u011bla do \u0161koln\u00ed dru\u017einy ji\u017e pro [&hellip;]<\/p>\n","protected":false},"author":6,"featured_media":0,"comment_status":"closed","ping_status":"closed","sticky":false,"template":"","format":"standard","meta":{"_acf_changed":false,"inline_featured_image":false,"footnotes":""},"categories":[1],"tags":[],"class_list":["post-646","post","type-post","status-publish","format-standard","hentry","category-aktuality"],"acf":[],"_links":{"self":[{"href":"https:\/\/www.skolyjesenice.cz\/zs\/wp-json\/wp\/v2\/posts\/646","targetHints":{"allow":["GET"]}}],"collection":[{"href":"https:\/\/www.skolyjesenice.cz\/zs\/wp-json\/wp\/v2\/posts"}],"about":[{"href":"https:\/\/www.skolyjesenice.cz\/zs\/wp-json\/wp\/v2\/types\/post"}],"author":[{"embeddable":true,"href":"https:\/\/www.skolyjesenice.cz\/zs\/wp-json\/wp\/v2\/users\/6"}],"replies":[{"embeddable":true,"href":"https:\/\/www.skolyjesenice.cz\/zs\/wp-json\/wp\/v2\/comments?post=646"}],"version-history":[{"count":1,"href":"https:\/\/www.skolyjesenice.cz\/zs\/wp-json\/wp\/v2\/posts\/646\/revisions"}],"predecessor-version":[{"id":647,"href":"https:\/\/www.skolyjesenice.cz\/zs\/wp-json\/wp\/v2\/posts\/646\/revisions\/647"}],"wp:attachment":[{"href":"https:\/\/www.skolyjesenice.cz\/zs\/wp-json\/wp\/v2\/media?parent=646"}],"wp:term":[{"taxonomy":"category","embeddable":true,"href":"https:\/\/www.skolyjesenice.cz\/zs\/wp-json\/wp\/v2\/categories?post=646"},{"taxonomy":"post_tag","embeddable":true,"href":"https:\/\/www.skolyjesenice.cz\/zs\/wp-json\/wp\/v2\/tags?post=646"}],"curies":[{"name":"wp","href":"https:\/\/api.w.org\/{rel}","templated":true}]}}