{"id":644,"date":"2024-04-29T18:36:29","date_gmt":"2024-04-29T16:36:29","guid":{"rendered":"https:\/\/www.skolyjesenice.cz\/zs\/?p=644"},"modified":"2024-05-21T18:37:10","modified_gmt":"2024-05-21T16:37:10","slug":"prirodovedna-soutez-krivoklatska-sovicka-2024","status":"publish","type":"post","link":"https:\/\/www.skolyjesenice.cz\/zs\/2024\/04\/29\/prirodovedna-soutez-krivoklatska-sovicka-2024\/","title":{"rendered":"P\u0159\u00edrodov\u011bdn\u00e1 sout\u011b\u017e K\u0159ivokl\u00e1tsk\u00e1 sovi\u010dka 2024"},"content":{"rendered":"<h1>P\u0159\u00edrodov\u011bdn\u00e1 sout\u011b\u017e K\u0159ivokl\u00e1tsk\u00e1 sovi\u010dka 2024<\/h1>\n<div class=\"wsw\">\n<p>A je tu duben! A s\u00a0n\u00edm i apr\u00edlov\u00e9 po\u010das\u00ed. Chvilku slunce, chvilku i sn\u011bhov\u00e1 krupice. Stejn\u011b jako vloni n\u00e1s oslovila pan\u00ed Friebertov\u00e1, abychom se z\u00fa\u010dastnili p\u0159\u00edrodov\u011bdn\u00e9 sout\u011b\u017ee na K\u0159ivokl\u00e1t\u011b. A my jsme se s\u00a0nad\u0161en\u00edm p\u0159ihl\u00e1sili. Op\u011bt se n\u00e1m poda\u0159ilo sestavit 2 dru\u017estva, mlad\u0161\u00ed a star\u0161\u00ed \u017e\u00e1ci. Do K\u0159ivokl\u00e1tu jsme vyrazili \u0161koln\u00edmi auty u\u017e v\u00a08.45, to abychom stihli zah\u00e1jen\u00ed sout\u011b\u017ee v\u00a09.00 hodin. Ka\u017ed\u00e9 dru\u017estvo dostalo sout\u011b\u017en\u00ed kartu se stanovi\u0161ti. P\u0159ed startem jsme m\u011bli trochu \u010dasu a mohli se povozit na lanovce, zast\u0159\u00edlet si ze vzduchovky a taky se posilnit. Pak u\u017e n\u00e1s \u010dekaly jen trasy s\u00a0\u00fakoly. Ob\u011b trasy byly pln\u00e9 \u00fakol\u016f, kter\u00e9 byly zam\u011b\u0159en\u00e9 na t\u00e9matiku LES, nap\u0159. co m\u016f\u017eeme z\u00a0lesa vyrobit, co se stav\u00ed v\u00a0lese, jak se chovat bez sign\u00e1lu v\u00a0lese, co m\u016f\u017ee\u0161 z\u00a0lesa sn\u00edst, nebo naopak, co nesm\u00ed\u0161 v\u00a0lese ochutn\u00e1vat. Plusov\u00e9 body jsme z\u00edskali i za obratnost na stanovi\u0161ti \u2013 sportujeme v\u00a0lese. Po absolvov\u00e1n\u00ed tras se ob\u011b dru\u017estva pln\u00e1 dojm\u016f setkala u ohn\u011b, kde si zaslou\u017een\u011b opekla bu\u0159ty. Pak u\u017e jen trocha z\u00e1bavy v\u00a0doprovodn\u00e9m programu a cesta \u0161koln\u00edmi auty do \u0161koly. Z\u00a0\u010dasov\u00fdch d\u016fvod\u016f jsme nemohli \u010dekat na vyhl\u00e1\u0161en\u00ed v\u00fdsledk\u016f. Do \u0161koly p\u0159i\u0161la v\u00a0pond\u011bl\u00ed v\u00fdsledkov\u00e1 listina. Star\u0161\u00ed \u017e\u00e1ci se um\u00edstili na kr\u00e1sn\u00e9m 8. \u2013 11. m\u00edst\u011b. Ti mlad\u0161\u00ed, se to teprve u\u010d\u00ed a z\u00edskali 20. m\u00edsto. Ob\u011b dru\u017estva si zaslou\u017e\u00ed velkou gratulaci i pochvalu. A za rok zase pojedeeem \u2026.!!!<\/p>\n<p>Zapsala: Mgr. Jana M\u011bchurov\u00e1<\/p>\n<p>V\u00edce zde:\u00a0<a href=\"https:\/\/www.rajce.idnes.cz\/zmap\/album\/krivoklatska-sovicka-2024\">www.rajce.idnes.cz\/zmap\/album\/krivoklatska-sovicka-2024<\/a><\/p>\n<\/div>\n","protected":false},"excerpt":{"rendered":"<p>P\u0159\u00edrodov\u011bdn\u00e1 sout\u011b\u017e K\u0159ivokl\u00e1tsk\u00e1 sovi\u010dka 2024 A je tu duben! A s\u00a0n\u00edm i apr\u00edlov\u00e9 po\u010das\u00ed. Chvilku [&hellip;]<\/p>\n","protected":false},"author":6,"featured_media":0,"comment_status":"closed","ping_status":"closed","sticky":false,"template":"","format":"standard","meta":{"_acf_changed":false,"inline_featured_image":false,"footnotes":""},"categories":[1],"tags":[],"class_list":["post-644","post","type-post","status-publish","format-standard","hentry","category-aktuality"],"acf":[],"_links":{"self":[{"href":"https:\/\/www.skolyjesenice.cz\/zs\/wp-json\/wp\/v2\/posts\/644","targetHints":{"allow":["GET"]}}],"collection":[{"href":"https:\/\/www.skolyjesenice.cz\/zs\/wp-json\/wp\/v2\/posts"}],"about":[{"href":"https:\/\/www.skolyjesenice.cz\/zs\/wp-json\/wp\/v2\/types\/post"}],"author":[{"embeddable":true,"href":"https:\/\/www.skolyjesenice.cz\/zs\/wp-json\/wp\/v2\/users\/6"}],"replies":[{"embeddable":true,"href":"https:\/\/www.skolyjesenice.cz\/zs\/wp-json\/wp\/v2\/comments?post=644"}],"version-history":[{"count":1,"href":"https:\/\/www.skolyjesenice.cz\/zs\/wp-json\/wp\/v2\/posts\/644\/revisions"}],"predecessor-version":[{"id":645,"href":"https:\/\/www.skolyjesenice.cz\/zs\/wp-json\/wp\/v2\/posts\/644\/revisions\/645"}],"wp:attachment":[{"href":"https:\/\/www.skolyjesenice.cz\/zs\/wp-json\/wp\/v2\/media?parent=644"}],"wp:term":[{"taxonomy":"category","embeddable":true,"href":"https:\/\/www.skolyjesenice.cz\/zs\/wp-json\/wp\/v2\/categories?post=644"},{"taxonomy":"post_tag","embeddable":true,"href":"https:\/\/www.skolyjesenice.cz\/zs\/wp-json\/wp\/v2\/tags?post=644"}],"curies":[{"name":"wp","href":"https:\/\/api.w.org\/{rel}","templated":true}]}}