{"id":642,"date":"2024-04-29T18:35:44","date_gmt":"2024-04-29T16:35:44","guid":{"rendered":"https:\/\/www.skolyjesenice.cz\/zs\/?p=642"},"modified":"2024-05-21T18:36:24","modified_gmt":"2024-05-21T16:36:24","slug":"treti-divadelni-predstaveni-kmd","status":"publish","type":"post","link":"https:\/\/www.skolyjesenice.cz\/zs\/2024\/04\/29\/treti-divadelni-predstaveni-kmd\/","title":{"rendered":"T\u0159et\u00ed divadeln\u00ed p\u0159edstaven\u00ed KMD"},"content":{"rendered":"<h1>T\u0159et\u00ed divadeln\u00ed p\u0159edstaven\u00ed KMD<\/h1>\n<div class=\"wsw\">\n<p>Letos posledn\u00ed akce Klubu mlad\u00e9ho div\u00e1ka byla napl\u00e1nov\u00e1na do Divadla v\u00a0Dlouh\u00e9 na p\u0159edstaven\u00ed\u00a0<strong>Babi\u010dka: Nen\u00ed v\u00edce dobr\u00e9 sta\u0159enky?\u00a0<\/strong>s doprovodnou kulturn\u00ed akc\u00ed \u2013\u00a0<strong>Muzeum fantastick\u00fdch iluz\u00ed<\/strong>. Nejprve jsme nav\u0161t\u00edvili muzeum na\u0161eho zn\u00e1m\u00e9ho<strong>\u00a0kouzeln\u00edka Pavla Ko\u017e\u00ed\u0161ka<\/strong>, kter\u00e9 by m\u011blo b\u00fdt nejz\u00e1bavn\u011bj\u0161\u00ed v\u00a0Praze.\u00a0<strong>A opravdu bylo!<\/strong>\u00a0Neskute\u010dn\u00e9 optick\u00e9 klamy, velkoform\u00e1tov\u00e9 trikov\u00e9 obrazy a interaktivn\u00ed z\u00e1bavn\u00e9 expon\u00e1ty, zkr\u00e1tka jedine\u010dn\u00e1 z\u00e1bava pro d\u011bti i dosp\u011bl\u00e9. Odnesli jsme si super fotky i z\u00e1\u017eitky. Pak jsme se t\u011b\u0161ili do divadla a tak\u00e9 bylo na co se t\u011b\u0161it. Divadeln\u00ed<strong>\u00a0Babi\u010dka Bo\u017eeny N\u011bmcov\u00e9\u00a0<\/strong>odkazuje na tradici a moudrost prarodi\u010d\u016f. D\u011bj\u00a0vych\u00e1z\u00ed z nejzn\u00e1m\u011bj\u0161\u00edho d\u00edla Bo\u017eeny N\u011bmcov\u00e9 Babi\u010dka,\u00a0nav\u00edc p\u0159id\u00e1vaj\u00ed tv\u016frci re\u00e1ln\u00e1 sv\u011bdectv\u00ed\u00a0o\u00a0jejich babi\u010dk\u00e1ch:<\/p>\n<p>Em\u00edlie l\u00edt\u00e1 s\u00a0dronem,<\/p>\n<p>Ani\u010dka ut\u00edkala p\u0159ed v\u00e1lkou na traka\u0159i,<\/p>\n<p>Maru\u0161ka \u017eehlila i pono\u017eky<\/p>\n<p>a z Marcelky se stal and\u011bl.<\/p>\n<p><strong>Co maj\u00ed spole\u010dn\u00e9ho?<\/strong>\u00a0Jsou na\u0161e to babi\u010dky. Stejn\u011b jako Magdalena. Madla bydlela na Star\u00e9m b\u011blidle a pro p\u00edrko i p\u0159es plot sko\u010dila.<\/p>\n<p><strong>V<\/strong><strong>\u0161ichni p\u0159eci m\u00e1me babi\u010dky a jsme n\u011b\u010d\u00ed vnou\u010data<\/strong>.<\/p>\n<p>P\u0159edstaven\u00ed se n\u00e1m moc l\u00edbilo a ur\u010dit\u011b se k\u00a0jeho poselstv\u00ed budeme dlouho vracet.<\/p>\n<p>&nbsp;<\/p>\n<p>No a pak cesta metrem, autobusem, autem,<\/p>\n<p>no a pak ve\u010de\u0159e,<\/p>\n<p>no a pak hajdy sp\u00e1t<\/p>\n<p>a n\u011bco hezk\u00e9ho si nechat zd\u00e1t!<\/p>\n<p>Fotografie zde:\u00a0<a href=\"https:\/\/www.rajce.idnes.cz\/zmap\/album\/kmd-iii\">www.rajce.idnes.cz\/zmap\/album\/kmd-iii<\/a><\/p>\n<p>Mgr. Jana M\u011bchurov\u00e1<\/p>\n<\/div>\n","protected":false},"excerpt":{"rendered":"<p>T\u0159et\u00ed divadeln\u00ed p\u0159edstaven\u00ed KMD Letos posledn\u00ed akce Klubu mlad\u00e9ho div\u00e1ka byla napl\u00e1nov\u00e1na do Divadla v\u00a0Dlouh\u00e9 [&hellip;]<\/p>\n","protected":false},"author":6,"featured_media":0,"comment_status":"closed","ping_status":"closed","sticky":false,"template":"","format":"standard","meta":{"_acf_changed":false,"inline_featured_image":false,"footnotes":""},"categories":[1],"tags":[],"class_list":["post-642","post","type-post","status-publish","format-standard","hentry","category-aktuality"],"acf":[],"_links":{"self":[{"href":"https:\/\/www.skolyjesenice.cz\/zs\/wp-json\/wp\/v2\/posts\/642","targetHints":{"allow":["GET"]}}],"collection":[{"href":"https:\/\/www.skolyjesenice.cz\/zs\/wp-json\/wp\/v2\/posts"}],"about":[{"href":"https:\/\/www.skolyjesenice.cz\/zs\/wp-json\/wp\/v2\/types\/post"}],"author":[{"embeddable":true,"href":"https:\/\/www.skolyjesenice.cz\/zs\/wp-json\/wp\/v2\/users\/6"}],"replies":[{"embeddable":true,"href":"https:\/\/www.skolyjesenice.cz\/zs\/wp-json\/wp\/v2\/comments?post=642"}],"version-history":[{"count":1,"href":"https:\/\/www.skolyjesenice.cz\/zs\/wp-json\/wp\/v2\/posts\/642\/revisions"}],"predecessor-version":[{"id":643,"href":"https:\/\/www.skolyjesenice.cz\/zs\/wp-json\/wp\/v2\/posts\/642\/revisions\/643"}],"wp:attachment":[{"href":"https:\/\/www.skolyjesenice.cz\/zs\/wp-json\/wp\/v2\/media?parent=642"}],"wp:term":[{"taxonomy":"category","embeddable":true,"href":"https:\/\/www.skolyjesenice.cz\/zs\/wp-json\/wp\/v2\/categories?post=642"},{"taxonomy":"post_tag","embeddable":true,"href":"https:\/\/www.skolyjesenice.cz\/zs\/wp-json\/wp\/v2\/tags?post=642"}],"curies":[{"name":"wp","href":"https:\/\/api.w.org\/{rel}","templated":true}]}}