{"id":638,"date":"2024-04-03T18:34:03","date_gmt":"2024-04-03T16:34:03","guid":{"rendered":"https:\/\/www.skolyjesenice.cz\/zs\/?p=638"},"modified":"2024-05-21T18:34:50","modified_gmt":"2024-05-21T16:34:50","slug":"prednaska-zubni-prevence-a-ustni-hygiena","status":"publish","type":"post","link":"https:\/\/www.skolyjesenice.cz\/zs\/2024\/04\/03\/prednaska-zubni-prevence-a-ustni-hygiena\/","title":{"rendered":"P\u0159edn\u00e1\u0161ka Zubn\u00ed prevence a \u00fastn\u00ed hygiena"},"content":{"rendered":"<h1>P\u0159edn\u00e1\u0161ka Zubn\u00ed prevence a \u00fastn\u00ed hygiena<\/h1>\n<div class=\"wsw\">\n<p>Ve st\u0159edu 27. b\u0159ezna se v na\u0161\u00ed \u0161kole uskute\u010dnila p\u0159edn\u00e1\u0161ka s n\u00e1zvem ,,Zubn\u00ed prevence a \u00fastn\u00ed hygiena.\u201c Z\u00fa\u010dastnili se j\u00ed v\u0161ichni mlad\u0161\u00ed \u017e\u00e1ci. P\u0159edn\u00e1\u0161ku vedla pan\u00ed doktorka Luhanov\u00e1, kterou u\u017e v\u0161ichni dob\u0159e zn\u00e1me. Pan\u00ed doktorka n\u00e1m vysv\u011btlovala, jak bychom se m\u011bli starat o sv\u00e9 zoubky, kter\u00e9 potraviny na\u0161im zoubk\u016fm \u0161kod\u00ed a kter\u00e9 jsou naopak prosp\u011b\u0161n\u00e9. D\u00e1le jsme se tak\u00e9 dozv\u011bd\u011bli, jak p\u0159edch\u00e1zet kazivosti zub\u016f, jak se o zuby a d\u00e1sn\u011b starat cel\u00fd \u017eivot, nebo kdy a jak \u010dasto nav\u0161t\u011bvovat stomatologa. Na z\u00e1v\u011br jsme si v\u0161ichni vyzkou\u0161eli, jak si ka\u017ed\u00e9 r\u00e1no a ve\u010der spr\u00e1vn\u011b \u010distit zoubky. P\u0159edn\u00e1\u0161ka se n\u00e1m moc l\u00edbila, dozv\u011bd\u011bli jsme se spoustu nov\u00fdch v\u011bc\u00ed a t\u011b\u0161\u00edme se, a\u017e n\u00e1s pan\u00ed doktorka znova nav\u0161t\u00edv\u00ed.<\/p>\n<p>Ing. Veronika Sou\u010dkov\u00e1<\/p>\n<p>v\u00edce zde:<a href=\"https:\/\/www.rajce.idnes.cz\/zmap\/album\/zubni-prevence-a-ustni-hygiena\">www.rajce.idnes.cz\/zmap\/album\/zubni-prevence-a-ustni-hygiena<\/a><\/p>\n<\/div>\n","protected":false},"excerpt":{"rendered":"<p>P\u0159edn\u00e1\u0161ka Zubn\u00ed prevence a \u00fastn\u00ed hygiena Ve st\u0159edu 27. b\u0159ezna se v na\u0161\u00ed \u0161kole uskute\u010dnila [&hellip;]<\/p>\n","protected":false},"author":6,"featured_media":0,"comment_status":"closed","ping_status":"closed","sticky":false,"template":"","format":"standard","meta":{"_acf_changed":false,"inline_featured_image":false,"footnotes":""},"categories":[1],"tags":[],"class_list":["post-638","post","type-post","status-publish","format-standard","hentry","category-aktuality"],"acf":[],"_links":{"self":[{"href":"https:\/\/www.skolyjesenice.cz\/zs\/wp-json\/wp\/v2\/posts\/638","targetHints":{"allow":["GET"]}}],"collection":[{"href":"https:\/\/www.skolyjesenice.cz\/zs\/wp-json\/wp\/v2\/posts"}],"about":[{"href":"https:\/\/www.skolyjesenice.cz\/zs\/wp-json\/wp\/v2\/types\/post"}],"author":[{"embeddable":true,"href":"https:\/\/www.skolyjesenice.cz\/zs\/wp-json\/wp\/v2\/users\/6"}],"replies":[{"embeddable":true,"href":"https:\/\/www.skolyjesenice.cz\/zs\/wp-json\/wp\/v2\/comments?post=638"}],"version-history":[{"count":1,"href":"https:\/\/www.skolyjesenice.cz\/zs\/wp-json\/wp\/v2\/posts\/638\/revisions"}],"predecessor-version":[{"id":639,"href":"https:\/\/www.skolyjesenice.cz\/zs\/wp-json\/wp\/v2\/posts\/638\/revisions\/639"}],"wp:attachment":[{"href":"https:\/\/www.skolyjesenice.cz\/zs\/wp-json\/wp\/v2\/media?parent=638"}],"wp:term":[{"taxonomy":"category","embeddable":true,"href":"https:\/\/www.skolyjesenice.cz\/zs\/wp-json\/wp\/v2\/categories?post=638"},{"taxonomy":"post_tag","embeddable":true,"href":"https:\/\/www.skolyjesenice.cz\/zs\/wp-json\/wp\/v2\/tags?post=638"}],"curies":[{"name":"wp","href":"https:\/\/api.w.org\/{rel}","templated":true}]}}