{"id":635,"date":"2024-03-25T18:33:17","date_gmt":"2024-03-25T17:33:17","guid":{"rendered":"https:\/\/www.skolyjesenice.cz\/zs\/?p=635"},"modified":"2024-05-21T18:33:54","modified_gmt":"2024-05-21T16:33:54","slug":"velikonocni-vystava","status":"publish","type":"post","link":"https:\/\/www.skolyjesenice.cz\/zs\/2024\/03\/25\/velikonocni-vystava\/","title":{"rendered":"Velikono\u010dn\u00ed v\u00fdstava"},"content":{"rendered":"<h1>Velikono\u010dn\u00ed v\u00fdstava<\/h1>\n<div class=\"wsw\">\n<p>V p\u00e1tek 22. b\u0159ezna se v z\u00e1kladn\u00ed \u0161kole konala v\u00fdstava, zam\u011b\u0159en\u00e1 na bytov\u00e9 dekorace k obdob\u00ed jara a bl\u00ed\u017e\u00edc\u00edho se sv\u00e1tku Velikonoce. Z\u00e1jem ve\u0159ejnosti a z\u00e1konn\u00fdch z\u00e1stupc\u016f \u017e\u00e1k\u016f byl velk\u00fd. Pod\u00edvejte se sami, jak jsou \u017e\u00e1ci spolu s pedagogy ve \u0161kole \u0161ikovn\u00ed!<\/p>\n<p>Mgr. M. Uhrov\u00e1<\/p>\n<p><a href=\"https:\/\/www.rajce.idnes.cz\/zmap\/album\/velikonocni-vystava-2024\">www.rajce.idnes.cz\/zmap\/album\/velikonocni-vystava-2024<\/a><\/p>\n<\/div>\n","protected":false},"excerpt":{"rendered":"<p>Velikono\u010dn\u00ed v\u00fdstava V p\u00e1tek 22. b\u0159ezna se v z\u00e1kladn\u00ed \u0161kole konala v\u00fdstava, zam\u011b\u0159en\u00e1 na bytov\u00e9 [&hellip;]<\/p>\n","protected":false},"author":6,"featured_media":0,"comment_status":"closed","ping_status":"closed","sticky":false,"template":"","format":"standard","meta":{"_acf_changed":false,"inline_featured_image":false,"footnotes":""},"categories":[1],"tags":[],"class_list":["post-635","post","type-post","status-publish","format-standard","hentry","category-aktuality"],"acf":[],"_links":{"self":[{"href":"https:\/\/www.skolyjesenice.cz\/zs\/wp-json\/wp\/v2\/posts\/635","targetHints":{"allow":["GET"]}}],"collection":[{"href":"https:\/\/www.skolyjesenice.cz\/zs\/wp-json\/wp\/v2\/posts"}],"about":[{"href":"https:\/\/www.skolyjesenice.cz\/zs\/wp-json\/wp\/v2\/types\/post"}],"author":[{"embeddable":true,"href":"https:\/\/www.skolyjesenice.cz\/zs\/wp-json\/wp\/v2\/users\/6"}],"replies":[{"embeddable":true,"href":"https:\/\/www.skolyjesenice.cz\/zs\/wp-json\/wp\/v2\/comments?post=635"}],"version-history":[{"count":1,"href":"https:\/\/www.skolyjesenice.cz\/zs\/wp-json\/wp\/v2\/posts\/635\/revisions"}],"predecessor-version":[{"id":636,"href":"https:\/\/www.skolyjesenice.cz\/zs\/wp-json\/wp\/v2\/posts\/635\/revisions\/636"}],"wp:attachment":[{"href":"https:\/\/www.skolyjesenice.cz\/zs\/wp-json\/wp\/v2\/media?parent=635"}],"wp:term":[{"taxonomy":"category","embeddable":true,"href":"https:\/\/www.skolyjesenice.cz\/zs\/wp-json\/wp\/v2\/categories?post=635"},{"taxonomy":"post_tag","embeddable":true,"href":"https:\/\/www.skolyjesenice.cz\/zs\/wp-json\/wp\/v2\/tags?post=635"}],"curies":[{"name":"wp","href":"https:\/\/api.w.org\/{rel}","templated":true}]}}