{"id":633,"date":"2024-03-22T18:32:13","date_gmt":"2024-03-22T17:32:13","guid":{"rendered":"https:\/\/www.skolyjesenice.cz\/zs\/?p=633"},"modified":"2024-05-21T18:32:56","modified_gmt":"2024-05-21T16:32:56","slug":"exkurze-ve-veznici-oracov","status":"publish","type":"post","link":"https:\/\/www.skolyjesenice.cz\/zs\/2024\/03\/22\/exkurze-ve-veznici-oracov\/","title":{"rendered":"Exkurze ve v\u011bznici Or\u00e1\u010dov"},"content":{"rendered":"<h1>Exkurze ve v\u011bznici Or\u00e1\u010dov<\/h1>\n<div class=\"wsw\">\n<p>Dne 20. b\u0159ezna 2024 nav\u0161t\u00edvili studenti S\u0160 a Z\u0160 Jesenice prostory V\u011bznice Or\u00e1\u010dov. \u017d\u00e1ci se po d\u016fkladn\u00e9 vstupn\u00ed bezpe\u010dnostn\u00ed prohl\u00eddce sezn\u00e1mili s\u00a0prostory a chodem v\u011bznice. Celou exkurzi zaji\u0161\u0165ovali odborn\u00ed zam\u011bstnanci v\u011bznice, kte\u0159\u00ed sv\u00fdm v\u00fdkladem \u017e\u00e1k\u016fm p\u0159ibl\u00ed\u017eili situace,\u00a0 \u00a0do kter\u00fdch se odsouzen\u00ed po n\u00e1stupu do v\u00fdkonu trestu odn\u011bt\u00ed svobody dost\u00e1vaj\u00ed. \u017d\u00e1ci m\u011bli mo\u017enost se pod\u00edvat do lo\u017enic a spole\u010dn\u00fdch prostor odsouzen\u00fdch. Na z\u00e1v\u011br se pod\u00edvali do n\u00e1v\u0161t\u011bvn\u00ed m\u00edstnosti v\u011bznice. Cel\u00e9 dopoledne bylo pro z\u00fa\u010dastn\u011bn\u00e9 siln\u00fdm emotivn\u00edm z\u00e1\u017eitkem.<\/p>\n<p>Petr Katona<\/p>\n<\/div>\n","protected":false},"excerpt":{"rendered":"<p>Exkurze ve v\u011bznici Or\u00e1\u010dov Dne 20. b\u0159ezna 2024 nav\u0161t\u00edvili studenti S\u0160 a Z\u0160 Jesenice prostory [&hellip;]<\/p>\n","protected":false},"author":6,"featured_media":0,"comment_status":"closed","ping_status":"closed","sticky":false,"template":"","format":"standard","meta":{"_acf_changed":false,"inline_featured_image":false,"footnotes":""},"categories":[1],"tags":[],"class_list":["post-633","post","type-post","status-publish","format-standard","hentry","category-aktuality"],"acf":[],"_links":{"self":[{"href":"https:\/\/www.skolyjesenice.cz\/zs\/wp-json\/wp\/v2\/posts\/633","targetHints":{"allow":["GET"]}}],"collection":[{"href":"https:\/\/www.skolyjesenice.cz\/zs\/wp-json\/wp\/v2\/posts"}],"about":[{"href":"https:\/\/www.skolyjesenice.cz\/zs\/wp-json\/wp\/v2\/types\/post"}],"author":[{"embeddable":true,"href":"https:\/\/www.skolyjesenice.cz\/zs\/wp-json\/wp\/v2\/users\/6"}],"replies":[{"embeddable":true,"href":"https:\/\/www.skolyjesenice.cz\/zs\/wp-json\/wp\/v2\/comments?post=633"}],"version-history":[{"count":1,"href":"https:\/\/www.skolyjesenice.cz\/zs\/wp-json\/wp\/v2\/posts\/633\/revisions"}],"predecessor-version":[{"id":634,"href":"https:\/\/www.skolyjesenice.cz\/zs\/wp-json\/wp\/v2\/posts\/633\/revisions\/634"}],"wp:attachment":[{"href":"https:\/\/www.skolyjesenice.cz\/zs\/wp-json\/wp\/v2\/media?parent=633"}],"wp:term":[{"taxonomy":"category","embeddable":true,"href":"https:\/\/www.skolyjesenice.cz\/zs\/wp-json\/wp\/v2\/categories?post=633"},{"taxonomy":"post_tag","embeddable":true,"href":"https:\/\/www.skolyjesenice.cz\/zs\/wp-json\/wp\/v2\/tags?post=633"}],"curies":[{"name":"wp","href":"https:\/\/api.w.org\/{rel}","templated":true}]}}