{"id":631,"date":"2024-03-15T18:31:29","date_gmt":"2024-03-15T17:31:29","guid":{"rendered":"https:\/\/www.skolyjesenice.cz\/zs\/?p=631"},"modified":"2024-05-21T18:32:08","modified_gmt":"2024-05-21T16:32:08","slug":"bubnovani","status":"publish","type":"post","link":"https:\/\/www.skolyjesenice.cz\/zs\/2024\/03\/15\/bubnovani\/","title":{"rendered":"Bubnov\u00e1n\u00ed"},"content":{"rendered":"<h1>Bubnov\u00e1n\u00ed<\/h1>\n<p><ins>15.03.2024 13:55<\/ins><\/p>\n<div class=\"wsw\">\n<p>Dne 12. 3. jsme se se \u017e\u00e1ky z DM z\u00fa\u010dastnili vystoupen\u00ed na v\u00fdro\u010dn\u00ed sch\u016fzi Svazu zdravotn\u011b posti\u017een\u00fdch ob\u010dan\u016f v Jesenici, kter\u00e9 se konalo v\u00a0Kulturn\u00edm dom\u011b Jesenice. Na vystoupen\u00ed jsme se pe\u010dliv\u011b p\u0159ipravovali. S\u00a0\u017e\u00e1ky jsme v\u00a0\u0159\u00edjnu lo\u0148sk\u00e9ho roku zalo\u017eili kapelu\u00a0<strong>Drums Bum<\/strong>, ve kter\u00e9 s\u00a0\u017e\u00e1ky bubnujeme. Na toto vystoupen\u00ed jsme si p\u0159ipravili doprovod ke klasick\u00e9mu symfonick\u00e9mu pochodu \u201eRasputin\u201c. Douf\u00e1me, \u017ee se n\u00e1m vystoupen\u00ed povedlo a v\u0161em se na\u0161e bubnov\u00e1n\u00ed l\u00edbilo.<\/p>\n<p>Stanislava Samotn\u00e1, vychovatelka<\/p>\n<p>fotografie zde:\u00a0<a href=\"https:\/\/www.rajce.idnes.cz\/zmap\/album\/bubnovani\/1628546750\">www.rajce.idnes.cz\/zmap\/album\/bubnovani\/1628546750<\/a><\/p>\n<\/div>\n","protected":false},"excerpt":{"rendered":"<p>Bubnov\u00e1n\u00ed 15.03.2024 13:55 Dne 12. 3. jsme se se \u017e\u00e1ky z DM z\u00fa\u010dastnili vystoupen\u00ed na [&hellip;]<\/p>\n","protected":false},"author":6,"featured_media":0,"comment_status":"closed","ping_status":"closed","sticky":false,"template":"","format":"standard","meta":{"_acf_changed":false,"inline_featured_image":false,"footnotes":""},"categories":[1],"tags":[],"class_list":["post-631","post","type-post","status-publish","format-standard","hentry","category-aktuality"],"acf":[],"_links":{"self":[{"href":"https:\/\/www.skolyjesenice.cz\/zs\/wp-json\/wp\/v2\/posts\/631","targetHints":{"allow":["GET"]}}],"collection":[{"href":"https:\/\/www.skolyjesenice.cz\/zs\/wp-json\/wp\/v2\/posts"}],"about":[{"href":"https:\/\/www.skolyjesenice.cz\/zs\/wp-json\/wp\/v2\/types\/post"}],"author":[{"embeddable":true,"href":"https:\/\/www.skolyjesenice.cz\/zs\/wp-json\/wp\/v2\/users\/6"}],"replies":[{"embeddable":true,"href":"https:\/\/www.skolyjesenice.cz\/zs\/wp-json\/wp\/v2\/comments?post=631"}],"version-history":[{"count":1,"href":"https:\/\/www.skolyjesenice.cz\/zs\/wp-json\/wp\/v2\/posts\/631\/revisions"}],"predecessor-version":[{"id":632,"href":"https:\/\/www.skolyjesenice.cz\/zs\/wp-json\/wp\/v2\/posts\/631\/revisions\/632"}],"wp:attachment":[{"href":"https:\/\/www.skolyjesenice.cz\/zs\/wp-json\/wp\/v2\/media?parent=631"}],"wp:term":[{"taxonomy":"category","embeddable":true,"href":"https:\/\/www.skolyjesenice.cz\/zs\/wp-json\/wp\/v2\/categories?post=631"},{"taxonomy":"post_tag","embeddable":true,"href":"https:\/\/www.skolyjesenice.cz\/zs\/wp-json\/wp\/v2\/tags?post=631"}],"curies":[{"name":"wp","href":"https:\/\/api.w.org\/{rel}","templated":true}]}}