{"id":6136,"date":"2026-07-30T09:09:16","date_gmt":"2026-07-30T07:09:16","guid":{"rendered":"https:\/\/www.skolyjesenice.cz\/zs\/?p=6136"},"modified":"2026-08-30T09:22:02","modified_gmt":"2026-08-30T07:22:02","slug":"zss_i_cerven-plny-zazitku-aneb-louceni-se-skolnim-rokem","status":"publish","type":"post","link":"https:\/\/www.skolyjesenice.cz\/zs\/2026\/07\/30\/zss_i_cerven-plny-zazitku-aneb-louceni-se-skolnim-rokem\/","title":{"rendered":"Z\u0160S_I_\u010cerven pln\u00fd z\u00e1\u017eitk\u016f aneb lou\u010den\u00ed se \u0161koln\u00edm rokem"},"content":{"rendered":"<p style=\"text-align: justify\">Posledn\u00ed m\u011bs\u00edc \u0161koln\u00edho roku b\u00fdv\u00e1 v\u017edy trochu jin\u00fd. Ve vzduchu u\u017e je c\u00edtit bl\u00ed\u017e\u00edc\u00ed se l\u00e9to, u\u010den\u00ed st\u0159\u00eddaj\u00ed spole\u010dn\u00e9 aktivity a v\u00fdlety a v\u0161ichni se pomalu p\u0159ipravuj\u00ed na pr\u00e1zdniny. Ani leto\u0161n\u00ed \u010derven nebyl v\u00fdjimkou. Na na\u0161e \u017e\u00e1ky \u010dekala \u0159ada v\u00fdlet\u016f, sout\u011b\u017e\u00ed, spole\u010dn\u00fdch z\u00e1\u017eitk\u016f i dobrodru\u017estv\u00ed, d\u00edky kter\u00fdm jsme si z\u00e1v\u011br \u0161koln\u00edho roku opravdu u\u017eili.<\/p>\n<p style=\"text-align: justify\">Jedn\u00edm z prvn\u00edch \u010dervnov\u00fdch z\u00e1\u017eitk\u016f byl \u0161koln\u00ed v\u00fdlet na Zv\u00edkovec. Po p\u0159\u00edjezdu jsme se nejprve po\u0159\u00e1dn\u011b rozh\u00fdbali p\u0159i diskot\u00e9ce s Honzou Ladrou. Po spole\u010dn\u00e9m tanci a z\u00e1bav\u011b n\u00e1sledoval ob\u011bd a potom program, kter\u00fd pot\u011b\u0161il p\u0159edev\u0161\u00edm v\u0161echny milovn\u00edky hasi\u010dsk\u00e9 techniky. M\u011bli jsme mo\u017enost prohl\u00e9dnout si hasi\u010dsk\u00e1 auta a dokonce si vyzkou\u0161et pr\u00e1ci s hasi\u010dskou hadic\u00ed. Nejv\u011bt\u0161\u00edm z\u00e1\u017eitkem cel\u00e9ho dne v\u0161ak byla bezpochyby plavba na \u010dlunu po Berounce. Spole\u010dn\u00e1 proj\u00ed\u017e\u010fka po \u0159ece byla pro mnoh\u00e9 z n\u00e1s nev\u0161edn\u00edm z\u00e1\u017eitkem a u\u017eili jsme si ji opravdu naplno. Sv\u00e9 znalosti a schopnost spolupracovat jsme si n\u00e1sledn\u011b ov\u011b\u0159ili b\u011bhem p\u0159\u00edrodov\u011bdn\u00e9 sout\u011b\u017ee. Sout\u011b\u017en\u00ed trasa vedla lesem a jednotliv\u00e1 stanovi\u0161t\u011b n\u00e1m p\u0159ipravila nejr\u016fzn\u011bj\u0161\u00ed \u00fakoly zam\u011b\u0159en\u00e9 na pozn\u00e1v\u00e1n\u00ed p\u0159\u00edrody. Ne\u0161lo jen o to spr\u00e1vn\u011b odpov\u011bd\u011bt, ale tak\u00e9 se spole\u010dn\u011b domluvit a vyu\u017e\u00edt to, co jsme se b\u011bhem \u0161koln\u00edho roku nau\u010dili. Po n\u00e1ro\u010dn\u00e9m sout\u011b\u017een\u00ed p\u0159i\u0161la zaslou\u017een\u00e1 odm\u011bna. Na Drahou\u0161i jsme si pochutnali na ope\u010den\u00fdch bu\u0159tech a nechyb\u011bl ani nanuk.<\/p>\n<p style=\"text-align: justify\">Dal\u0161\u00ed velkou \u010dervnovou ud\u00e1lost\u00ed byl v\u00fdlet do Zoo Plze\u0148. B\u011bhem n\u00e1v\u0161t\u011bvy jsme m\u011bli mo\u017enost pozorovat velk\u00e9 mno\u017estv\u00ed zaj\u00edmav\u00fdch zv\u00ed\u0159at. Setkali jsme se nap\u0159\u00edklad s \u017eirafami, nosoro\u017eci, zebrami, lvy, tygry, surikatami, lemury, \u0161impanzi nebo plame\u0148\u00e1ky. Zaj\u00edmav\u00e9 bylo nejen samotn\u00e9 pozorov\u00e1n\u00ed zv\u00ed\u0159at, ale tak\u00e9 sledov\u00e1n\u00ed jejich chov\u00e1n\u00ed \u2013 n\u011bkter\u00e1 odpo\u010d\u00edvala, jin\u00e1 si hr\u00e1la a dal\u0161\u00ed jsme zastihli pr\u00e1v\u011b p\u0159i krmen\u00ed. V\u00fdlet byl p\u0159\u00edjemn\u00fdm zpest\u0159en\u00edm z\u00e1v\u011bru \u0161koln\u00edho roku a z\u00e1rove\u0148 n\u00e1m umo\u017enil z\u00edskat mnoho nov\u00fdch poznatk\u016f o \u017eivot\u011b zv\u00ed\u0159at.<\/p>\n<p style=\"text-align: justify\">Za opravdovou te\u010dku za na\u0161imi \u010dervnov\u00fdmi aktivitami m\u016f\u017eeme pova\u017eovat dvoudenn\u00ed p\u0159\u00edrodov\u011bdn\u011b-turistick\u00fd pobyt. Ve \u010dtvrtek 25. \u010dervna jsme se vydali na cestu kolem hr\u00e1ze rybn\u00edka sm\u011brem k pl\u00e1\u017ei. Putov\u00e1n\u00ed nebylo jen oby\u010dejnou proch\u00e1zkou. Po cest\u011b na n\u00e1s \u010dekaly \u00fakoly p\u0159ipraven\u00e9 tajemn\u00fdmi str\u00e1\u017eci lesa. P\u0159i jejich pln\u011bn\u00ed jsme pozn\u00e1vali okoln\u00ed p\u0159\u00edrodu a z\u00e1rove\u0148 jsme sb\u00edrali r\u016fzn\u00e9 p\u0159\u00edrodniny. Z nasb\u00edran\u00e9ho materi\u00e1lu si ka\u017ed\u00fd mohl vytvo\u0159it sv\u00e9ho vlastn\u00edho sk\u0159\u00edtka z p\u0159\u00edrodnin. Po n\u00e1vratu do kempu v Jesenici pokra\u010doval program spole\u010dn\u00fdmi hrami a dal\u0161\u00edmi aktivitami. Pro n\u011bkter\u00e9 \u017e\u00e1ky bylo velk\u00fdm dobrodru\u017estv\u00edm tak\u00e9 p\u0159esp\u00e1n\u00ed ve stanech. Ve\u010der jsme spole\u010dn\u011b p\u0159ipravili kouzeln\u00fd elix\u00edr pro sk\u0159\u00edtky, kter\u00fd m\u011bl pomoci uzdravit les. K tomu pat\u0159ilo samoz\u0159ejm\u011b i op\u00e9k\u00e1n\u00ed bu\u0159t\u016f, zp\u00edv\u00e1n\u00ed u t\u00e1borov\u00e9ho ohn\u011b a chv\u00edle, na kter\u00e9 budeme r\u00e1di vzpom\u00ednat.<\/p>\n<p style=\"text-align: justify\">Na z\u00e1v\u011br \u010dekala \u017e\u00e1ky odm\u011bna za jejich odvahu, \u0161ikovnost a ochotu pom\u00e1hat. Lesn\u00ed v\u00edly jim v\u011bnovaly p\u0159\u00edv\u011bsek s Grootem a diplom, kter\u00fd jim bude p\u0159ipom\u00ednat spole\u010dn\u00e9 dobrodru\u017estv\u00ed. A potom u\u017e p\u0159i\u0161el den, na kter\u00fd jsme \u010dekali \u2013 posledn\u00ed \u0161koln\u00ed den. P\u0159evzali jsme vysv\u011bd\u010den\u00ed, rozlou\u010dili se se spolu\u017e\u00e1ky i u\u010ditelkami a uzav\u0159eli dal\u0161\u00ed spole\u010dn\u00fd \u0161koln\u00ed rok.<\/p>\n<p>Mgr. Olga Hanauerov\u00e1<\/p>\n<p><img loading=\"lazy\" decoding=\"async\" class=\"alignleft size-medium wp-image-6139\" src=\"http:\/\/www.skolyjesenice.cz\/zs\/wp-content\/uploads\/sites\/3\/2026\/08\/20260615_131240-kopie-225x300.jpg\" alt=\"\" width=\"225\" height=\"300\" srcset=\"https:\/\/www.skolyjesenice.cz\/zs\/wp-content\/uploads\/sites\/3\/2026\/08\/20260615_131240-kopie-225x300.jpg 225w, https:\/\/www.skolyjesenice.cz\/zs\/wp-content\/uploads\/sites\/3\/2026\/08\/20260615_131240-kopie.jpg 750w\" sizes=\"auto, (max-width: 225px) 100vw, 225px\" \/> <img loading=\"lazy\" decoding=\"async\" class=\"alignleft size-medium wp-image-6140\" src=\"http:\/\/www.skolyjesenice.cz\/zs\/wp-content\/uploads\/sites\/3\/2026\/08\/20260615_131256-kopie-225x300.jpg\" alt=\"\" width=\"225\" height=\"300\" srcset=\"https:\/\/www.skolyjesenice.cz\/zs\/wp-content\/uploads\/sites\/3\/2026\/08\/20260615_131256-kopie-225x300.jpg 225w, https:\/\/www.skolyjesenice.cz\/zs\/wp-content\/uploads\/sites\/3\/2026\/08\/20260615_131256-kopie.jpg 750w\" sizes=\"auto, (max-width: 225px) 100vw, 225px\" \/> <img loading=\"lazy\" decoding=\"async\" class=\"alignleft size-medium wp-image-6142\" src=\"http:\/\/www.skolyjesenice.cz\/zs\/wp-content\/uploads\/sites\/3\/2026\/08\/20260618_093543-225x300.jpg\" alt=\"\" width=\"225\" height=\"300\" srcset=\"https:\/\/www.skolyjesenice.cz\/zs\/wp-content\/uploads\/sites\/3\/2026\/08\/20260618_093543-225x300.jpg 225w, https:\/\/www.skolyjesenice.cz\/zs\/wp-content\/uploads\/sites\/3\/2026\/08\/20260618_093543.jpg 750w\" sizes=\"auto, (max-width: 225px) 100vw, 225px\" \/> <img loading=\"lazy\" decoding=\"async\" class=\"alignleft  wp-image-6143\" src=\"http:\/\/www.skolyjesenice.cz\/zs\/wp-content\/uploads\/sites\/3\/2026\/08\/20260618_101441-300x225.jpg\" alt=\"\" width=\"706\" height=\"530\" srcset=\"https:\/\/www.skolyjesenice.cz\/zs\/wp-content\/uploads\/sites\/3\/2026\/08\/20260618_101441-300x225.jpg 300w, https:\/\/www.skolyjesenice.cz\/zs\/wp-content\/uploads\/sites\/3\/2026\/08\/20260618_101441-768x576.jpg 768w, https:\/\/www.skolyjesenice.cz\/zs\/wp-content\/uploads\/sites\/3\/2026\/08\/20260618_101441.jpg 1000w\" sizes=\"auto, (max-width: 706px) 100vw, 706px\" \/> <img loading=\"lazy\" decoding=\"async\" class=\"alignleft size-medium wp-image-6145\" src=\"http:\/\/www.skolyjesenice.cz\/zs\/wp-content\/uploads\/sites\/3\/2026\/08\/20260623_105352-225x300.jpg\" alt=\"\" width=\"225\" height=\"300\" srcset=\"https:\/\/www.skolyjesenice.cz\/zs\/wp-content\/uploads\/sites\/3\/2026\/08\/20260623_105352-225x300.jpg 225w, https:\/\/www.skolyjesenice.cz\/zs\/wp-content\/uploads\/sites\/3\/2026\/08\/20260623_105352.jpg 750w\" sizes=\"auto, (max-width: 225px) 100vw, 225px\" \/> <img loading=\"lazy\" decoding=\"async\" class=\"alignleft size-medium wp-image-6146\" src=\"http:\/\/www.skolyjesenice.cz\/zs\/wp-content\/uploads\/sites\/3\/2026\/08\/20260623_113357-225x300.jpg\" alt=\"\" width=\"225\" height=\"300\" srcset=\"https:\/\/www.skolyjesenice.cz\/zs\/wp-content\/uploads\/sites\/3\/2026\/08\/20260623_113357-225x300.jpg 225w, https:\/\/www.skolyjesenice.cz\/zs\/wp-content\/uploads\/sites\/3\/2026\/08\/20260623_113357.jpg 750w\" sizes=\"auto, (max-width: 225px) 100vw, 225px\" \/> <img loading=\"lazy\" decoding=\"async\" class=\"alignleft size-medium wp-image-6147\" src=\"http:\/\/www.skolyjesenice.cz\/zs\/wp-content\/uploads\/sites\/3\/2026\/08\/20260625_092822-225x300.jpg\" alt=\"\" width=\"225\" height=\"300\" srcset=\"https:\/\/www.skolyjesenice.cz\/zs\/wp-content\/uploads\/sites\/3\/2026\/08\/20260625_092822-225x300.jpg 225w, https:\/\/www.skolyjesenice.cz\/zs\/wp-content\/uploads\/sites\/3\/2026\/08\/20260625_092822.jpg 750w\" sizes=\"auto, (max-width: 225px) 100vw, 225px\" \/> <img loading=\"lazy\" decoding=\"async\" class=\"alignleft  wp-image-6148\" src=\"http:\/\/www.skolyjesenice.cz\/zs\/wp-content\/uploads\/sites\/3\/2026\/08\/foto-tridy-Hubert-200x300.png\" alt=\"\" width=\"706\" height=\"1060\" srcset=\"https:\/\/www.skolyjesenice.cz\/zs\/wp-content\/uploads\/sites\/3\/2026\/08\/foto-tridy-Hubert-200x300.png 200w, https:\/\/www.skolyjesenice.cz\/zs\/wp-content\/uploads\/sites\/3\/2026\/08\/foto-tridy-Hubert-683x1024.png 683w, https:\/\/www.skolyjesenice.cz\/zs\/wp-content\/uploads\/sites\/3\/2026\/08\/foto-tridy-Hubert-768x1152.png 768w, https:\/\/www.skolyjesenice.cz\/zs\/wp-content\/uploads\/sites\/3\/2026\/08\/foto-tridy-Hubert.png 1024w\" sizes=\"auto, (max-width: 706px) 100vw, 706px\" \/> <img loading=\"lazy\" decoding=\"async\" class=\"alignleft  wp-image-6149\" src=\"http:\/\/www.skolyjesenice.cz\/zs\/wp-content\/uploads\/sites\/3\/2026\/08\/ChatGPT-Image-17.-6.-2026-20_00_07-300x225.png\" alt=\"\" width=\"704\" height=\"528\" srcset=\"https:\/\/www.skolyjesenice.cz\/zs\/wp-content\/uploads\/sites\/3\/2026\/08\/ChatGPT-Image-17.-6.-2026-20_00_07-300x225.png 300w, https:\/\/www.skolyjesenice.cz\/zs\/wp-content\/uploads\/sites\/3\/2026\/08\/ChatGPT-Image-17.-6.-2026-20_00_07-1024x768.png 1024w, https:\/\/www.skolyjesenice.cz\/zs\/wp-content\/uploads\/sites\/3\/2026\/08\/ChatGPT-Image-17.-6.-2026-20_00_07-768x576.png 768w, https:\/\/www.skolyjesenice.cz\/zs\/wp-content\/uploads\/sites\/3\/2026\/08\/ChatGPT-Image-17.-6.-2026-20_00_07.png 1448w\" sizes=\"auto, (max-width: 704px) 100vw, 704px\" \/><\/p>\n","protected":false},"excerpt":{"rendered":"<p>Posledn\u00ed m\u011bs\u00edc \u0161koln\u00edho roku b\u00fdv\u00e1 v\u017edy trochu jin\u00fd. Ve vzduchu u\u017e je c\u00edtit bl\u00ed\u017e\u00edc\u00ed se [&hellip;]<\/p>\n","protected":false},"author":6,"featured_media":0,"comment_status":"closed","ping_status":"closed","sticky":false,"template":"","format":"standard","meta":{"_acf_changed":false,"inline_featured_image":false,"footnotes":""},"categories":[1,5],"tags":[],"class_list":["post-6136","post","type-post","status-publish","format-standard","hentry","category-aktuality","category-szs-i"],"acf":[],"_links":{"self":[{"href":"https:\/\/www.skolyjesenice.cz\/zs\/wp-json\/wp\/v2\/posts\/6136","targetHints":{"allow":["GET"]}}],"collection":[{"href":"https:\/\/www.skolyjesenice.cz\/zs\/wp-json\/wp\/v2\/posts"}],"about":[{"href":"https:\/\/www.skolyjesenice.cz\/zs\/wp-json\/wp\/v2\/types\/post"}],"author":[{"embeddable":true,"href":"https:\/\/www.skolyjesenice.cz\/zs\/wp-json\/wp\/v2\/users\/6"}],"replies":[{"embeddable":true,"href":"https:\/\/www.skolyjesenice.cz\/zs\/wp-json\/wp\/v2\/comments?post=6136"}],"version-history":[{"count":8,"href":"https:\/\/www.skolyjesenice.cz\/zs\/wp-json\/wp\/v2\/posts\/6136\/revisions"}],"predecessor-version":[{"id":6157,"href":"https:\/\/www.skolyjesenice.cz\/zs\/wp-json\/wp\/v2\/posts\/6136\/revisions\/6157"}],"wp:attachment":[{"href":"https:\/\/www.skolyjesenice.cz\/zs\/wp-json\/wp\/v2\/media?parent=6136"}],"wp:term":[{"taxonomy":"category","embeddable":true,"href":"https:\/\/www.skolyjesenice.cz\/zs\/wp-json\/wp\/v2\/categories?post=6136"},{"taxonomy":"post_tag","embeddable":true,"href":"https:\/\/www.skolyjesenice.cz\/zs\/wp-json\/wp\/v2\/tags?post=6136"}],"curies":[{"name":"wp","href":"https:\/\/api.w.org\/{rel}","templated":true}]}}