{"id":339,"date":"2023-06-19T09:59:37","date_gmt":"2023-06-19T07:59:37","guid":{"rendered":"https:\/\/www.skolyjesenice.cz\/zs\/?p=339"},"modified":"2024-01-09T09:07:46","modified_gmt":"2024-01-09T08:07:46","slug":"prirodovedna-soutez-skolni-kolo","status":"publish","type":"post","link":"https:\/\/www.skolyjesenice.cz\/zs\/2023\/06\/19\/prirodovedna-soutez-skolni-kolo\/","title":{"rendered":"P\u0159\u00edrodov\u011bdn\u00e1 sout\u011b\u017e &#8211; \u0161koln\u00ed kolo"},"content":{"rendered":"<p><img loading=\"lazy\" decoding=\"async\" class=\"alignnone size-full wp-image-340\" src=\"https:\/\/www.skolyjesenice.cz\/zs\/wp-content\/uploads\/sites\/3\/2024\/01\/DSC_2585.jpg\" alt=\"P\u0159irodov\u011bdn\u00e1 sout\u011b\u017e\" width=\"2000\" height=\"1333\" srcset=\"https:\/\/www.skolyjesenice.cz\/zs\/wp-content\/uploads\/sites\/3\/2024\/01\/DSC_2585.jpg 2000w, https:\/\/www.skolyjesenice.cz\/zs\/wp-content\/uploads\/sites\/3\/2024\/01\/DSC_2585-300x200.jpg 300w, https:\/\/www.skolyjesenice.cz\/zs\/wp-content\/uploads\/sites\/3\/2024\/01\/DSC_2585-1024x682.jpg 1024w, https:\/\/www.skolyjesenice.cz\/zs\/wp-content\/uploads\/sites\/3\/2024\/01\/DSC_2585-768x512.jpg 768w, https:\/\/www.skolyjesenice.cz\/zs\/wp-content\/uploads\/sites\/3\/2024\/01\/DSC_2585-1536x1024.jpg 1536w\" sizes=\"auto, (max-width: 2000px) 100vw, 2000px\" \/><\/p>\n<p>V p\u00e1tek 9. 6. 2023 prob\u011bhla P\u0159\u00edrodov\u011bdn\u00e1 sout\u011b\u017e. Po zah\u00e1jen\u00ed pan\u00ed \u0159editelkou a pan\u00ed z\u00e1stupkyn\u00ed pro n\u00e1s p\u0159ipravily pan\u00ed u\u010ditelky z Pr\u0160 stanovi\u0161t\u011b, kde jsme pozn\u00e1vali nap\u0159\u00edklad ryby, pt\u00e1ky, l\u00e9\u010div\u00e9 rostliny, houby, turistick\u00e9 zna\u010dky i druhy oh\u0148\u016f a uzl\u016f. Zv\u00ed\u0159\u00e1tka a rostliny n\u00e1m v\u0161em v celku \u0161ly, pozn\u00e1vali jsme mnoho druh\u016f, hor\u0161\u00ed to bylo s uzly a turistick\u00fdmi zna\u010dkami i houbami. N\u00e1ladu n\u00e1m to ale nezkazilo, sp\u00ed\u0161e n\u00e1s to motivovalo k tomu, abychom to, co jsme neznali, za\u010dali piln\u011b tr\u00e9novat. A proto\u017ee n\u00e1m po\u010das\u00ed p\u0159\u00e1lo a slun\u00ed\u010dko venku p\u011bkn\u011b h\u0159\u00e1lo, tak to bylo op\u011bt kr\u00e1sn\u00e9 sout\u011b\u017en\u00ed dopoledne pro celou \u0161kolu. Po skon\u010den\u00ed putov\u00e1n\u00ed t\u0159\u00edd po stanovi\u0161t\u00edch jsme netrp\u011bliv\u011b v\u0161ichni o\u010dek\u00e1vali vyhl\u00e1\u0161en\u00ed v\u00fdsledk\u016f&#8230; a byly diplomy, odm\u011bny a velk\u00e1 radost. Ale tr\u00e9novat nep\u0159estaneme!!!<\/p>\n<p style=\"text-align: right;\">Bek\u00e1rkov\u00e1, DiS.<\/p>\n<p><a href=\"zmap.rajce.idnes.cz\/Prirodovedna_soutez_-_skolni_kolo_2023\/\" target=\"_blank\" rel=\"noopener\">Fotografie<\/a><\/p>\n","protected":false},"excerpt":{"rendered":"<p>V p\u00e1tek 9. 6. 2023 prob\u011bhla P\u0159\u00edrodov\u011bdn\u00e1 sout\u011b\u017e. Po zah\u00e1jen\u00ed pan\u00ed \u0159editelkou a pan\u00ed z\u00e1stupkyn\u00ed [&hellip;]<\/p>\n","protected":false},"author":1,"featured_media":340,"comment_status":"closed","ping_status":"closed","sticky":false,"template":"","format":"standard","meta":{"_acf_changed":false,"inline_featured_image":false,"footnotes":""},"categories":[1],"tags":[],"class_list":["post-339","post","type-post","status-publish","format-standard","has-post-thumbnail","hentry","category-aktuality"],"acf":[],"_links":{"self":[{"href":"https:\/\/www.skolyjesenice.cz\/zs\/wp-json\/wp\/v2\/posts\/339","targetHints":{"allow":["GET"]}}],"collection":[{"href":"https:\/\/www.skolyjesenice.cz\/zs\/wp-json\/wp\/v2\/posts"}],"about":[{"href":"https:\/\/www.skolyjesenice.cz\/zs\/wp-json\/wp\/v2\/types\/post"}],"author":[{"embeddable":true,"href":"https:\/\/www.skolyjesenice.cz\/zs\/wp-json\/wp\/v2\/users\/1"}],"replies":[{"embeddable":true,"href":"https:\/\/www.skolyjesenice.cz\/zs\/wp-json\/wp\/v2\/comments?post=339"}],"version-history":[{"count":4,"href":"https:\/\/www.skolyjesenice.cz\/zs\/wp-json\/wp\/v2\/posts\/339\/revisions"}],"predecessor-version":[{"id":421,"href":"https:\/\/www.skolyjesenice.cz\/zs\/wp-json\/wp\/v2\/posts\/339\/revisions\/421"}],"wp:featuredmedia":[{"embeddable":true,"href":"https:\/\/www.skolyjesenice.cz\/zs\/wp-json\/wp\/v2\/media\/340"}],"wp:attachment":[{"href":"https:\/\/www.skolyjesenice.cz\/zs\/wp-json\/wp\/v2\/media?parent=339"}],"wp:term":[{"taxonomy":"category","embeddable":true,"href":"https:\/\/www.skolyjesenice.cz\/zs\/wp-json\/wp\/v2\/categories?post=339"},{"taxonomy":"post_tag","embeddable":true,"href":"https:\/\/www.skolyjesenice.cz\/zs\/wp-json\/wp\/v2\/tags?post=339"}],"curies":[{"name":"wp","href":"https:\/\/api.w.org\/{rel}","templated":true}]}}