{"id":336,"date":"2023-05-22T10:43:47","date_gmt":"2023-05-22T08:43:47","guid":{"rendered":"https:\/\/www.skolyjesenice.cz\/zs\/?p=336"},"modified":"2024-01-09T09:07:26","modified_gmt":"2024-01-09T08:07:26","slug":"13-charitativni-golfovy-turnaj-2023","status":"publish","type":"post","link":"https:\/\/www.skolyjesenice.cz\/zs\/2023\/05\/22\/13-charitativni-golfovy-turnaj-2023\/","title":{"rendered":"13. Charitativn\u00ed golfov\u00fd turnaj 2023"},"content":{"rendered":"<p><img loading=\"lazy\" decoding=\"async\" class=\"alignnone size-full wp-image-337\" src=\"https:\/\/www.skolyjesenice.cz\/zs\/wp-content\/uploads\/sites\/3\/2024\/01\/DSC_1967.jpg\" alt=\"Golf\" width=\"2000\" height=\"1333\" srcset=\"https:\/\/www.skolyjesenice.cz\/zs\/wp-content\/uploads\/sites\/3\/2024\/01\/DSC_1967.jpg 2000w, https:\/\/www.skolyjesenice.cz\/zs\/wp-content\/uploads\/sites\/3\/2024\/01\/DSC_1967-300x200.jpg 300w, https:\/\/www.skolyjesenice.cz\/zs\/wp-content\/uploads\/sites\/3\/2024\/01\/DSC_1967-1024x682.jpg 1024w, https:\/\/www.skolyjesenice.cz\/zs\/wp-content\/uploads\/sites\/3\/2024\/01\/DSC_1967-768x512.jpg 768w, https:\/\/www.skolyjesenice.cz\/zs\/wp-content\/uploads\/sites\/3\/2024\/01\/DSC_1967-1536x1024.jpg 1536w\" sizes=\"auto, (max-width: 2000px) 100vw, 2000px\" \/><\/p>\n<p>13. Charitativn\u00ed golfov\u00fd turnaj 2023<\/p>\n<p>V\u00fdznamnou ud\u00e1lost\u00ed v m\u011bs\u00edci kv\u011btnu byl tak\u00e9 20. 5. 2023 Golfov\u00fd charitativn\u00ed prezidentsk\u00fd turnaj v Podbo\u0159\u00e1nk\u00e1ch. Po v\u00fdborn\u00e9m ob\u011bd\u011b mohli \u017e\u00e1ci \u0161koly op\u011bt zdokonalovat sv\u00e9 sportovn\u00ed um\u011bn\u00ed na greenu v golfov\u00e9 akademii. Po\u010das\u00ed bylo slune\u010dn\u00e9, a tak se p\u0159i odpalech i patov\u00e1n\u00ed v\u0161em \u017e\u00e1k\u016fm da\u0159ilo. Soub\u011b\u017en\u011b byl tak\u00e9 prostor pro instalaci prodejn\u00ed v\u00fdstavy v\u00fdrobk\u016f \u017e\u00e1k\u016f, na kter\u00fdch se pod\u00edlela cel\u00e1 \u0161kola. V\u00fdrobky z p\u0159\u00edrodn\u00edch materi\u00e1l\u016f, obr\u00e1zky k zav\u011b\u0161en\u00ed, smrkov\u00e9 a pampeli\u0161kov\u00e9 medy a mnoho velmi kr\u00e1sn\u00fdch dekorativn\u00edch p\u0159edm\u011bt\u016f si mohli v\u0161ichni hr\u00e1\u010di i host\u00e9 prohl\u00e9dnout a t\u0159eba tak\u00e9 koupit. Po ukon\u010den\u00ed hry jsme pro v\u0161echny p\u0159\u00edtomn\u00e9 p\u0159ipravili kr\u00e1tk\u00e9 hudebn\u00ed vystoupen\u00ed. \u010c\u00e1st \u017e\u00e1k\u016f \u0161koln\u00edho sboru zazp\u00edvala \u010dty\u0159i p\u00edsni\u010dky, kter\u00e9 n\u00e1s provedly \u0161koln\u00edm rokem. Vystoupen\u00ed bylo nazv\u00e1no \u201eOd podzimu do l\u00e9ta\u201c, proto jako \u00favodn\u00ed skladba byla p\u00edse\u0148 Podzimn\u00ed zpr\u00e1va od skupiny Smola\u0159i, pot\u00e9 n\u00e1sledovala p\u00edse\u0148 Prosinec od autor\u016f Uhl\u00ed\u0159e a Sv\u011br\u00e1ka, lidov\u00e1 p\u00edse\u0148 Zahr\u00e1dka se zelen\u00e1 a na z\u00e1v\u011br op\u011bt p\u00edse\u0148 autor\u016f Uhl\u00ed\u0159e a Sv\u011br\u00e1ka N\u00e1u\u0161nice z t\u0159e\u0161n\u00ed. Vystoupen\u00ed se op\u011bt vyda\u0159ilo, zatleskali n\u00e1m \u00fapln\u011b v\u0161ichni p\u0159\u00edtomn\u00ed. Pot\u00e9 hned n\u00e1sledovalo vyhodnocen\u00ed \u00fasp\u011bch\u016f \u017e\u00e1k\u016f v golfov\u00e9 akademii. V\u0161ichni z\u00edskali upom\u00ednkov\u00fd diplom, a ti nejlep\u0161\u00ed medaile. N\u00e1sledovalo vyhodnocen\u00ed hr\u00e1\u010d\u016f turnaje. I ti z\u00edskali odm\u011bny, plakety a d\u00e1rky vyr\u00e1b\u011bn\u00e9 pr\u00e1v\u011b \u017e\u00e1ky na\u0161\u00ed \u0161koly. V\u00fdt\u011b\u017eek z prodeje byl p\u0159id\u00e1n k \u010d\u00e1stce, kterou \u0161kola z\u00edskala od Golfov\u00e9ho klubu v Podbo\u0159\u00e1nk\u00e1ch na podporu z\u00e1\u017eitkov\u00fdch aktivit na\u0161ich \u017e\u00e1k\u016f, celkov\u00fd v\u00fdt\u011b\u017eek tedy byl 31.550,- K\u010d. D\u00e1rkov\u00fd \u0161ek p\u0159edal Mgr. Han\u011b Vanick\u00e9 prezident golfov\u00e9ho klubu Willi Dieter, za co\u017e mu pat\u0159ilo pod\u011bkov\u00e1n\u00ed. Pod\u011bkov\u00e1n\u00ed ale pat\u0159\u00ed nejen prezidentovi golfov\u00e9ho klubu Willimu Dietrovi, ale tak\u00e9 pan\u00ed Martin\u011b Blechov\u00e9, v\u0161em p\u0159\u00edtomn\u00fdm golfist\u016fm a tak\u00e9 zam\u011bstnanc\u016fm \u0161koly, kte\u0159\u00ed tuto akci ji\u017e pot\u0159in\u00e1ct\u00e9 p\u0159ipravuj\u00ed a v\u011bnuj\u00ed sv\u016fj \u010das \u017e\u00e1k\u016fm \u0161koly i v dob\u011b v\u00edkendu.<\/p>\n<p style=\"text-align: right;\">Mgr. Mark\u00e9ta Uhrov\u00e1, Z\u0158\u0160<\/p>\n<p><a href=\"zmap.rajce.idnes.cz\/13._Charitativni_golfovy_turnaj_2023\/\" target=\"_blank\" rel=\"noopener\">Fotografie<\/a><\/p>\n","protected":false},"excerpt":{"rendered":"<p>13. Charitativn\u00ed golfov\u00fd turnaj 2023 V\u00fdznamnou ud\u00e1lost\u00ed v m\u011bs\u00edci kv\u011btnu byl tak\u00e9 20. 5. 2023 [&hellip;]<\/p>\n","protected":false},"author":1,"featured_media":337,"comment_status":"closed","ping_status":"closed","sticky":false,"template":"","format":"standard","meta":{"_acf_changed":false,"inline_featured_image":false,"footnotes":""},"categories":[1],"tags":[],"class_list":["post-336","post","type-post","status-publish","format-standard","has-post-thumbnail","hentry","category-aktuality"],"acf":[],"_links":{"self":[{"href":"https:\/\/www.skolyjesenice.cz\/zs\/wp-json\/wp\/v2\/posts\/336","targetHints":{"allow":["GET"]}}],"collection":[{"href":"https:\/\/www.skolyjesenice.cz\/zs\/wp-json\/wp\/v2\/posts"}],"about":[{"href":"https:\/\/www.skolyjesenice.cz\/zs\/wp-json\/wp\/v2\/types\/post"}],"author":[{"embeddable":true,"href":"https:\/\/www.skolyjesenice.cz\/zs\/wp-json\/wp\/v2\/users\/1"}],"replies":[{"embeddable":true,"href":"https:\/\/www.skolyjesenice.cz\/zs\/wp-json\/wp\/v2\/comments?post=336"}],"version-history":[{"count":3,"href":"https:\/\/www.skolyjesenice.cz\/zs\/wp-json\/wp\/v2\/posts\/336\/revisions"}],"predecessor-version":[{"id":419,"href":"https:\/\/www.skolyjesenice.cz\/zs\/wp-json\/wp\/v2\/posts\/336\/revisions\/419"}],"wp:featuredmedia":[{"embeddable":true,"href":"https:\/\/www.skolyjesenice.cz\/zs\/wp-json\/wp\/v2\/media\/337"}],"wp:attachment":[{"href":"https:\/\/www.skolyjesenice.cz\/zs\/wp-json\/wp\/v2\/media?parent=336"}],"wp:term":[{"taxonomy":"category","embeddable":true,"href":"https:\/\/www.skolyjesenice.cz\/zs\/wp-json\/wp\/v2\/categories?post=336"},{"taxonomy":"post_tag","embeddable":true,"href":"https:\/\/www.skolyjesenice.cz\/zs\/wp-json\/wp\/v2\/tags?post=336"}],"curies":[{"name":"wp","href":"https:\/\/api.w.org\/{rel}","templated":true}]}}