{"id":333,"date":"2023-05-22T06:57:36","date_gmt":"2023-05-22T04:57:36","guid":{"rendered":"https:\/\/www.skolyjesenice.cz\/zs\/?p=333"},"modified":"2024-01-09T09:07:02","modified_gmt":"2024-01-09T08:07:02","slug":"noticka-2023-rocni-obdobi-v-pisnickach","status":"publish","type":"post","link":"https:\/\/www.skolyjesenice.cz\/zs\/2023\/05\/22\/noticka-2023-rocni-obdobi-v-pisnickach\/","title":{"rendered":"Noti\u010dka 2023 &#8211; Ro\u010dn\u00ed obdob\u00ed v p\u00edsni\u010dk\u00e1ch"},"content":{"rendered":"<p><img loading=\"lazy\" decoding=\"async\" class=\"alignnone size-full wp-image-334\" src=\"https:\/\/www.skolyjesenice.cz\/zs\/wp-content\/uploads\/sites\/3\/2024\/01\/DSC_1917_2.jpg\" alt=\"Noti\u010dka 2023\" width=\"2000\" height=\"1333\" srcset=\"https:\/\/www.skolyjesenice.cz\/zs\/wp-content\/uploads\/sites\/3\/2024\/01\/DSC_1917_2.jpg 2000w, https:\/\/www.skolyjesenice.cz\/zs\/wp-content\/uploads\/sites\/3\/2024\/01\/DSC_1917_2-300x200.jpg 300w, https:\/\/www.skolyjesenice.cz\/zs\/wp-content\/uploads\/sites\/3\/2024\/01\/DSC_1917_2-1024x682.jpg 1024w, https:\/\/www.skolyjesenice.cz\/zs\/wp-content\/uploads\/sites\/3\/2024\/01\/DSC_1917_2-768x512.jpg 768w, https:\/\/www.skolyjesenice.cz\/zs\/wp-content\/uploads\/sites\/3\/2024\/01\/DSC_1917_2-1536x1024.jpg 1536w\" sizes=\"auto, (max-width: 2000px) 100vw, 2000px\" \/><\/p>\n<p><i>\u201eJaro, l\u00e9to, opakuje se to,<\/i><\/p>\n<p>podzim, zima st\u00e1le dokola.\u201c<\/p>\n<p>Touto p\u00edsn\u00ed a tane\u010dn\u00edm vystoupen\u00edm \u017e\u00e1k\u016f \u0161koln\u00ed dru\u017einy byl zah\u00e1jen leto\u0161n\u00ed 18. ro\u010dn\u00edk sout\u011b\u017en\u00ed p\u0159ehl\u00eddky Noti\u010dka. V leto\u0161n\u00edm roce se p\u0159ehl\u00eddky z\u00fa\u010dastnilo 6 za\u0159\u00edzen\u00ed a vystupovalo celkem 120 \u00fa\u010dinkuj\u00edc\u00edch. Mezi hosty p\u0159ijala pozv\u00e1n\u00ed a p\u0159i\u0161la mezi n\u00e1s b\u00fdval\u00e1 \u0159editelka \u0161koly pan\u00ed Mgr. Anna Kucha\u0159ov\u00e1, d\u00e1le patronka \u0161koly pan\u00ed Jitka Valu\u0161ov\u00e1, starosta m\u011bsta Jesenice pan Ing. Jan Pol\u00e1k, porotkyn\u011b a u\u010ditelka ZU\u0160 V Rakovn\u00edku Zde\u0148ka \u0160perkov\u00e1 a tak\u00e9 pan\u00ed Alena Johnov\u00e1, kter\u00e1 na\u0161i \u0161kolu ji\u017e velmi dlouho podporuje. Dlouh\u00e1 l\u00e9ta se p\u0159ehl\u00eddky uskute\u010d\u0148uj\u00ed v KD v Jesenici, jeliko\u017e bychom se p\u0159i velk\u00e9m po\u010dtu \u00fa\u010dinkuj\u00edc\u00edch do na\u0161\u00ed \u0161koly neve\u0161li. P\u0159ed samotnou p\u0159ehl\u00eddkou n\u00e1s v\u017edy \u010dek\u00e1 spousta pr\u00e1ce \u2013 vyr\u00e1b\u00edme ceny pro \u00fa\u010dinkuj\u00edc\u00ed, rozn\u00e1\u0161\u00edme pozv\u00e1nky pro hosty, zdob\u00edme si s\u00e1l KD, p\u0159ev\u00e1\u017e\u00edme hudebn\u00ed n\u00e1stroje a ostatn\u00ed v\u011bci na vystoupen\u00ed, p\u0159ipravujeme poho\u0161t\u011bn\u00ed a mnoho dal\u0161\u00edch d\u016fle\u017eit\u00fdch v\u011bc\u00ed. Pochopiteln\u011b se s n\u00e1mi na v\u0161em pod\u00edlej\u00ed i dal\u0161\u00ed zam\u011bstnanci \u0161koly, za co\u017e jim pat\u0159\u00ed velk\u00fd d\u00edk. Kdy\u017e je v\u0161e v den p\u0159ehl\u00eddky p\u0159ipraveno a host\u00e9, \u00fa\u010dinkuj\u00edc\u00ed i div\u00e1ci jsou na m\u00edst\u011b, p\u0159ehl\u00eddka za\u010d\u00edn\u00e1. A jak to bylo letos? Po \u00favodn\u00edm tane\u010dn\u00edm vystoupen\u00ed s n\u00e1zvem Jaro, l\u00e9to od M\u00ed\u0161i R\u016f\u017ei\u010dkov\u00e9, byla letos Noti\u010dka po osmn\u00e1ct\u00e9 slavnostn\u011b zah\u00e1jena patronkou \u0161koly pan\u00ed J. Valu\u0161ovou, panem starostou Ing. J. Pol\u00e1kem a porotkyn\u00ed pan\u00ed Z. \u0160perkovou. Ti pop\u0159\u00e1li v\u0161em \u00fa\u010dinkuj\u00edc\u00edm hodn\u011b zdaru a \u0161t\u011bst\u00ed p\u0159i vystoupen\u00ed, ostatn\u00edm kr\u00e1sn\u00fd hudebn\u00ed z\u00e1\u017eitek a dopoledn\u00ed program mohl za\u010d\u00edt. Jako prvn\u00ed zazp\u00edval n\u00e1\u0161 p\u011bveck\u00fd sbor Slun\u00ed\u010dko slo\u017een\u00fd z d\u00edvek a chlapc\u016f st\u0159edn\u00ed a z\u00e1kladn\u00ed \u0161koly. Vystoupen\u00ed bylo nazv\u00e1no \u201eOd podzimu do l\u00e9ta\u201c, proto jako \u00favodn\u00ed skladba byla p\u00edse\u0148 Podzimn\u00ed zpr\u00e1va od skupiny Smola\u0159i, pot\u00e9 n\u00e1sledovala p\u00edse\u0148 Prosinec od autor\u016f Uhl\u00ed\u0159e a Sv\u011br\u00e1ka, lidov\u00e1 p\u00edse\u0148 Zahr\u00e1dka se zelen\u00e1 a na z\u00e1v\u011br op\u011bt p\u00edse\u0148 autor\u016f Uhl\u00ed\u0159e a Sv\u011br\u00e1ka N\u00e1u\u0161nice z t\u0159e\u0161n\u00ed. Pak n\u00e1sledovala tane\u010dn\u00ed a hudebn\u011b pohybov\u00e1 vystoupen\u00ed mal\u00fdch d\u011bt\u00ed ze speci\u00e1ln\u00ed M\u0160 v Rakovn\u00edku, p\u011bveck\u00e9 vystoupen\u00ed \u017e\u00e1k\u016f Z\u0160 Podbo\u0159any, tane\u010dn\u00ed vystoupen\u00ed d\u011bt\u00ed z DD, Z\u0160 a S\u0160 ze \u017datce, nechyb\u011blo ani p\u011bveck\u00e9 vystoupen\u00ed \u017e\u00e1k\u016f Z\u0160P Kralovice, country tance \u017e\u00e1k\u016f S\u0160, Z\u0160 a M\u0160 z Rakovn\u00edka a na z\u00e1v\u011br vystoupili s tancem, hrou a zp\u011bvem klienti z DSS v Libl\u00edn\u011b. Po jejich vystoupen\u00ed n\u00e1sledovala kr\u00e1tk\u00e1 pauza. V\u0161echna vystoupen\u00ed, a\u0165 tane\u010dn\u00ed, p\u011bveck\u00e1, hudebn\u011b pohybov\u00e1 byla velmi p\u011bkn\u00e1, a div\u00e1ci je v\u017edy odm\u011bnili velk\u00fdm potleskem. V jednotliv\u00fdch vystoupen\u00edch zazn\u011bly lidov\u00e9 p\u00edsn\u011b, p\u00edsni\u010dky od p\u00e1n\u016f Sv\u011br\u00e1ka a Uhl\u00ed\u0159e, p\u00edsn\u011b od H. Zagorov\u00e9, I. Barto\u0161ov\u00e9, ale tak\u00e9 od Culinky a M\u00ed\u0161i. Z\u00e1v\u011bre\u010dn\u00e9ho slova se ujala na\u0161e pan\u00ed \u0159editelka Mgr. Hana Vanick\u00e1 a pan starosta Ing. Jan Pol\u00e1k, kte\u0159\u00ed Noti\u010dku zakon\u010dili a zhodnotili. Ne\u0161et\u0159ili chv\u00e1lou, prost\u011b vyhr\u00e1li v\u0161ichni. Tak\u00e9 bylo \u0159e\u010deno, kolik trp\u011blivosti a snahy v\u0161ichni vlo\u017eili do sv\u00fdch vystoupen\u00ed, \u017ee ka\u017ed\u00e9 vystoupen\u00ed bylo velmi zda\u0159il\u00e9, ohodnotili origin\u00e1ln\u00ed n\u00e1pady pan\u00ed u\u010ditelek, kr\u00e1snou muziku a kost\u00fdmy. Pod\u011bkovalo se panu zvuka\u0159i Pavlu Johnovi, sponzor\u016fm p\u0159ehl\u00eddky, tak\u00e9 studentk\u00e1m S\u0160 za vzornou obsluhu a prodej ob\u010derstven\u00ed a v\u0161em zam\u011bstnanc\u016fm \u0161koly, kte\u0159\u00ed se pod\u00edleli na zaji\u0161t\u011bn\u00ed t\u00e9to akce. Pod\u011bkov\u00e1n\u00ed kyti\u010dkou se dostalo tak\u00e9 pan\u00ed \u0159editelce Mgr. Han\u011b Vanick\u00e9 ze strany organiz\u00e1torek a tak\u00e9 my organiz\u00e1torky jsme byly odm\u011bn\u011bny hezkou kyti\u010dkou. A pro\u010d? Proto\u017ee Noti\u010dku ka\u017edoro\u010dn\u011b p\u0159ipravujeme! V z\u00e1v\u011bru vystupuj\u00edc\u00ed \u0161koly dostali kr\u00e1snou upom\u00ednku na 18. ro\u010dn\u00edk Noti\u010dky \u2013 d\u0159ev\u011bn\u00fd houslov\u00fd kl\u00ed\u010d s notami, za kter\u00fd velmi d\u011bkujeme kolegyni J. Hor\u00e1kov\u00e9. Odnesli si tak\u00e9 diplom a sadu hudebn\u00edch n\u00e1stroj\u016f na dal\u0161\u00ed muzic\u00edrov\u00e1n\u00ed. A jako ka\u017ed\u00fd rok jsme na\u0161e kr\u00e1sn\u00e9 dopoledne zakon\u010dili spole\u010dnou p\u00edsn\u00ed N\u00e1u\u0161nice z t\u0159e\u0161n\u00ed a pok\u0159ikem &#8222;Ahoj&#8220;! Pak se v\u0161ichni \u00fa\u010dinkuj\u00edc\u00ed rozjeli do sv\u00fdch \u0161kol a zazvonil zvonec a byl v\u0161emu konec. Pro n\u00e1s ale v\u0161e je\u0161t\u011b neskon\u010dilo. N\u00e1sledoval \u00faklid a druh\u00fd den \u0161koln\u00ed vyhodnocen\u00ed a pochvala \u00fa\u010dinkuj\u00edc\u00edch na chodb\u011b \u0161koly p\u0159ed v\u0161emi \u017e\u00e1ky. A je\u0161t\u011b nebylo v\u0161emu konec, proto\u017ee na n\u00e1s \u010dekala sladk\u00e1 te\u010dka. A co to bylo? \u0160leha\u010dkov\u00fd, \u010dokol\u00e1dov\u00fd dort, kter\u00fd pro n\u00e1s m\u011bla pan\u00ed \u0159editelka jako p\u0159ekvapen\u00ed. V\u0161ichni zp\u011bv\u00e1ci se olizovali. M\u0148am, ten byl dobr\u00fd. A kdy\u017e jsme se zeptaly: \u201eKdo bude zp\u00edvat p\u0159\u00ed\u0161t\u00ed rok?\u201c Tak pr\u00fd v\u0161ichni. Tak uvid\u00edme, nech\u00e1me se p\u0159ekvapit.<\/p>\n<p style=\"text-align: right;\">Mgr. Mark\u00e9ta Uhrov\u00e1 a Mgr. Olga Hanauerov\u00e1<\/p>\n<p><a href=\"zmap.rajce.idnes.cz\/Noticka_2023\/\" target=\"_blank\" rel=\"noopener\">Fotografie<\/a><\/p>\n","protected":false},"excerpt":{"rendered":"<p>\u201eJaro, l\u00e9to, opakuje se to, podzim, zima st\u00e1le dokola.\u201c Touto p\u00edsn\u00ed a tane\u010dn\u00edm vystoupen\u00edm \u017e\u00e1k\u016f [&hellip;]<\/p>\n","protected":false},"author":1,"featured_media":334,"comment_status":"closed","ping_status":"closed","sticky":false,"template":"","format":"standard","meta":{"_acf_changed":false,"inline_featured_image":false,"footnotes":""},"categories":[1],"tags":[],"class_list":["post-333","post","type-post","status-publish","format-standard","has-post-thumbnail","hentry","category-aktuality"],"acf":[],"_links":{"self":[{"href":"https:\/\/www.skolyjesenice.cz\/zs\/wp-json\/wp\/v2\/posts\/333","targetHints":{"allow":["GET"]}}],"collection":[{"href":"https:\/\/www.skolyjesenice.cz\/zs\/wp-json\/wp\/v2\/posts"}],"about":[{"href":"https:\/\/www.skolyjesenice.cz\/zs\/wp-json\/wp\/v2\/types\/post"}],"author":[{"embeddable":true,"href":"https:\/\/www.skolyjesenice.cz\/zs\/wp-json\/wp\/v2\/users\/1"}],"replies":[{"embeddable":true,"href":"https:\/\/www.skolyjesenice.cz\/zs\/wp-json\/wp\/v2\/comments?post=333"}],"version-history":[{"count":3,"href":"https:\/\/www.skolyjesenice.cz\/zs\/wp-json\/wp\/v2\/posts\/333\/revisions"}],"predecessor-version":[{"id":417,"href":"https:\/\/www.skolyjesenice.cz\/zs\/wp-json\/wp\/v2\/posts\/333\/revisions\/417"}],"wp:featuredmedia":[{"embeddable":true,"href":"https:\/\/www.skolyjesenice.cz\/zs\/wp-json\/wp\/v2\/media\/334"}],"wp:attachment":[{"href":"https:\/\/www.skolyjesenice.cz\/zs\/wp-json\/wp\/v2\/media?parent=333"}],"wp:term":[{"taxonomy":"category","embeddable":true,"href":"https:\/\/www.skolyjesenice.cz\/zs\/wp-json\/wp\/v2\/categories?post=333"},{"taxonomy":"post_tag","embeddable":true,"href":"https:\/\/www.skolyjesenice.cz\/zs\/wp-json\/wp\/v2\/tags?post=333"}],"curies":[{"name":"wp","href":"https:\/\/api.w.org\/{rel}","templated":true}]}}