{"id":328,"date":"2023-04-27T16:08:24","date_gmt":"2023-04-27T14:08:24","guid":{"rendered":"https:\/\/www.skolyjesenice.cz\/zs\/?p=328"},"modified":"2024-01-09T09:05:39","modified_gmt":"2024-01-09T08:05:39","slug":"exkurze-v-hasicskem-zachrannem-sboru-rakovnik","status":"publish","type":"post","link":"https:\/\/www.skolyjesenice.cz\/zs\/2023\/04\/27\/exkurze-v-hasicskem-zachrannem-sboru-rakovnik\/","title":{"rendered":"Exkurze v Hasi\u010dsk\u00e9m z\u00e1chrann\u00e9m sboru Rakovn\u00edk"},"content":{"rendered":"<p><img loading=\"lazy\" decoding=\"async\" class=\"alignnone size-full wp-image-329\" src=\"https:\/\/www.skolyjesenice.cz\/zs\/wp-content\/uploads\/sites\/3\/2024\/01\/DSC_13391.jpg\" alt=\"Hasi\u010dsk\u00fd z\u00e1chran\u00fd sbor\" width=\"1000\" height=\"667\" srcset=\"https:\/\/www.skolyjesenice.cz\/zs\/wp-content\/uploads\/sites\/3\/2024\/01\/DSC_13391.jpg 1000w, https:\/\/www.skolyjesenice.cz\/zs\/wp-content\/uploads\/sites\/3\/2024\/01\/DSC_13391-300x200.jpg 300w, https:\/\/www.skolyjesenice.cz\/zs\/wp-content\/uploads\/sites\/3\/2024\/01\/DSC_13391-768x512.jpg 768w\" sizes=\"auto, (max-width: 1000px) 100vw, 1000px\" \/><\/p>\n<p>\u00dater\u00fd 25. 4., den, na kter\u00fd jsme se v\u0161ichni t\u011b\u0161ili. D\u016fvodem byla celo\u0161koln\u00ed exkurze do Hasi\u010dsk\u00e9ho z\u00e1chrann\u00e9ho sboru v Rakovn\u00edku. Cesta nebyla jednoduch\u00e1, museli jsme do Rakovn\u00edka nejprve dojet. Objednan\u00fd vagon byl r\u00e1no ji\u017e p\u0159ipraven na n\u00e1dra\u017e\u00ed v Jesenici, a tak u\u017e sta\u010dilo pouze nastoupit. Do Rakovn\u00edka jsme dorazili chv\u00edli po dev\u00e1t\u00e9 hodin\u011b a po dvacetiminutov\u00e9 ch\u016fzi se p\u0159ed na\u0161imi zraky objevily budovy hasi\u010dsk\u00e9ho z\u00e1chrann\u00e9ho sboru. Po p\u0159iv\u00edt\u00e1n\u00ed n\u00e1m bylo poskytnuto velice p\u0159\u00edjemn\u00e9 z\u00e1zem\u00ed v zasedac\u00ed m\u00edstnosti, kde jsme se posilnili sva\u010dinou. A potom hur\u00e1 na dlouho o\u010dek\u00e1vanou prohl\u00eddku. Rozd\u011blili jsme se na t\u0159i skupiny, kter\u00e9 hasi\u010di prov\u00e1d\u011bli po gar\u00e1\u017e\u00edch a poutav\u00fdm v\u00fdkladem n\u00e1s seznamovali s hasi\u010dskou technikou i jej\u00edm vybaven\u00edm. Dozv\u011bd\u011bli jsme se tak\u00e9 zaj\u00edmav\u00e9 a pou\u010dn\u00e9 v\u011bci ze \u017eivota hasi\u010d\u016f. \u017de se hasi\u010di nezab\u00fdvaj\u00ed pouze ha\u0161en\u00edm oh\u0148\u016f, ale pom\u00e1haj\u00ed nap\u0159\u00edklad i p\u0159i vypro\u0161\u0165ov\u00e1n\u00ed osob p\u0159i autonehod\u00e1ch, p\u0159i odkl\u00edzen\u00ed vyvr\u00e1cen\u00fdch strom\u016f nebo nouzov\u00e9m odemyk\u00e1n\u00ed byt\u016f. Nejv\u011bt\u0161\u00edm z\u00e1\u017eitkem byla velk\u00e1 hasi\u010dsk\u00e1 auta, do kter\u00fdch bylo mo\u017en\u00e9 nastoupit a v\u0161e si osahat, ale tak\u00e9 sj\u00ed\u017ed\u011bn\u00ed hasi\u010d\u016f po ty\u010d\u00edch. D\u011bkujeme za exkurzi, kter\u00e1 byla velmi zaj\u00edmav\u00e1, z\u00e1bavn\u00e1, ale z\u00e1rove\u0148 i pou\u010dn\u00e1.<\/p>\n<p style=\"text-align: right;\">Bc. \u0160\u00e1rka Fialov\u00e1<\/p>\n<p><a href=\"https:\/\/www.rajce.idnes.cz\/zmap\/album\/exkurze-hasicsky-zachranny-sbor-rakovnik-2023\" target=\"_blank\" rel=\"noopener\">Fotografie<\/a><\/p>\n","protected":false},"excerpt":{"rendered":"<p>\u00dater\u00fd 25. 4., den, na kter\u00fd jsme se v\u0161ichni t\u011b\u0161ili. D\u016fvodem byla celo\u0161koln\u00ed exkurze do [&hellip;]<\/p>\n","protected":false},"author":1,"featured_media":329,"comment_status":"closed","ping_status":"closed","sticky":false,"template":"","format":"standard","meta":{"_acf_changed":false,"inline_featured_image":false,"footnotes":""},"categories":[1],"tags":[],"class_list":["post-328","post","type-post","status-publish","format-standard","has-post-thumbnail","hentry","category-aktuality"],"acf":[],"_links":{"self":[{"href":"https:\/\/www.skolyjesenice.cz\/zs\/wp-json\/wp\/v2\/posts\/328","targetHints":{"allow":["GET"]}}],"collection":[{"href":"https:\/\/www.skolyjesenice.cz\/zs\/wp-json\/wp\/v2\/posts"}],"about":[{"href":"https:\/\/www.skolyjesenice.cz\/zs\/wp-json\/wp\/v2\/types\/post"}],"author":[{"embeddable":true,"href":"https:\/\/www.skolyjesenice.cz\/zs\/wp-json\/wp\/v2\/users\/1"}],"replies":[{"embeddable":true,"href":"https:\/\/www.skolyjesenice.cz\/zs\/wp-json\/wp\/v2\/comments?post=328"}],"version-history":[{"count":3,"href":"https:\/\/www.skolyjesenice.cz\/zs\/wp-json\/wp\/v2\/posts\/328\/revisions"}],"predecessor-version":[{"id":413,"href":"https:\/\/www.skolyjesenice.cz\/zs\/wp-json\/wp\/v2\/posts\/328\/revisions\/413"}],"wp:featuredmedia":[{"embeddable":true,"href":"https:\/\/www.skolyjesenice.cz\/zs\/wp-json\/wp\/v2\/media\/329"}],"wp:attachment":[{"href":"https:\/\/www.skolyjesenice.cz\/zs\/wp-json\/wp\/v2\/media?parent=328"}],"wp:term":[{"taxonomy":"category","embeddable":true,"href":"https:\/\/www.skolyjesenice.cz\/zs\/wp-json\/wp\/v2\/categories?post=328"},{"taxonomy":"post_tag","embeddable":true,"href":"https:\/\/www.skolyjesenice.cz\/zs\/wp-json\/wp\/v2\/tags?post=328"}],"curies":[{"name":"wp","href":"https:\/\/api.w.org\/{rel}","templated":true}]}}