{"id":325,"date":"2023-04-22T10:05:47","date_gmt":"2023-04-22T08:05:47","guid":{"rendered":"https:\/\/www.skolyjesenice.cz\/zs\/?p=325"},"modified":"2024-01-09T09:05:18","modified_gmt":"2024-01-09T08:05:18","slug":"tyden-zeme","status":"publish","type":"post","link":"https:\/\/www.skolyjesenice.cz\/zs\/2023\/04\/22\/tyden-zeme\/","title":{"rendered":"T\u00fdden Zem\u011b"},"content":{"rendered":"<p><img loading=\"lazy\" decoding=\"async\" class=\"alignnone size-full wp-image-326\" src=\"https:\/\/www.skolyjesenice.cz\/zs\/wp-content\/uploads\/sites\/3\/2024\/01\/20230426_111522.jpg\" alt=\"T\u00fdden zem\u011b\" width=\"750\" height=\"1000\" srcset=\"https:\/\/www.skolyjesenice.cz\/zs\/wp-content\/uploads\/sites\/3\/2024\/01\/20230426_111522.jpg 750w, https:\/\/www.skolyjesenice.cz\/zs\/wp-content\/uploads\/sites\/3\/2024\/01\/20230426_111522-225x300.jpg 225w\" sizes=\"auto, (max-width: 750px) 100vw, 750px\" \/><\/p>\n<p>P\u00e1tek 21. dubna 2023 byl pro \u017e\u00e1ky na\u0161\u00ed \u0161koly tak trochu jin\u00fd. Ve \u0161koln\u00ed dru\u017ein\u011b na n\u011b \u010dekalo mal\u00e9 p\u0159ekvapen\u00ed. Ale pro\u010d? V tento den byl toti\u017e zah\u00e1jen celo\u0161koln\u00ed projekt \u201eT\u00fdden Zem\u011b\u201c. Tento projekt za\u010d\u00ednal pro v\u0161echny \u017e\u00e1ky stejn\u011b: prezentac\u00ed o p\u0159\u00edrod\u011b, zhl\u00e9dnut\u00edm poh\u00e1dky O Vydr\u00fdskovi a rozd\u00e1n\u00edm pracovn\u00edch list\u016f. Ka\u017ed\u00e1 t\u0159\u00edda obdr\u017eela soubor pracovn\u00edch list\u016f s aktivitami a \u00fakoly, kter\u00e9 \u017e\u00e1ky prov\u00e1zely cel\u00fdm t\u00fddnem \u2013 T\u00ddDNEM ZEM\u011a. To v\u0161e si pro n\u00e1s p\u0159ipravila p. u\u010ditelka M. Uhrov\u00e1. Po zah\u00e1jen\u00ed se v\u0161ichni odebrali do sv\u00fdch t\u0159\u00edd a spole\u010dn\u011b se domluvili na pln\u011bn\u00ed jednotliv\u00fdch \u00fakol\u016f. V\u0161echny t\u0159\u00eddy ukl\u00edzely okol\u00ed \u0161koly, pracovaly na \u0161koln\u00edm pozemku, vytvo\u0159ily spole\u010dnou kresbu v t\u011blocvi\u010dn\u011b \u0161koly a samoz\u0159ejm\u011b plnily jednotliv\u00e9 pracovn\u00ed listy. Za odm\u011bnu je po t\u00fddnu \u010dekalo spole\u010dn\u00e9 zhodnocen\u00ed, p\u0159i kter\u00e9m ka\u017ed\u00e1 t\u0159\u00edda obdr\u017eela voucher na polodenn\u00ed pobyt v p\u0159\u00edrod\u011b spojen\u00e9 s hrami a z\u00e1bavn\u00fdmi aktivitami. Pot\u00e9 se \u017e\u00e1ci rozlou\u010dili s projektem velmi hezkou p\u00edsni\u010dkou: &#8222;T\u0159\u00edd\u00edme obaly, m\u00e1ma n\u00e1s pochv\u00e1l\u00ed&#8220;. Cel\u00fd t\u00fdden byl nejen pro \u017e\u00e1ky velmi p\u0159\u00ednosn\u00fd, moc se v\u0161em l\u00edbil a ur\u010dit\u011b si v\u0161ichni zapamatuj\u00ed, jak se o tu na\u0161i Zemi m\u00e1me starat a jak ji m\u00e1me chr\u00e1nit.<\/p>\n<p style=\"text-align: right;\">Mgr. Olga Hanauerov\u00e1<\/p>\n<p><a href=\"zmap.rajce.idnes.cz\/Tyden_Zeme_2023\/\" target=\"_blank\" rel=\"noopener\">Fotografie<\/a><\/p>\n","protected":false},"excerpt":{"rendered":"<p>P\u00e1tek 21. dubna 2023 byl pro \u017e\u00e1ky na\u0161\u00ed \u0161koly tak trochu jin\u00fd. Ve \u0161koln\u00ed dru\u017ein\u011b [&hellip;]<\/p>\n","protected":false},"author":1,"featured_media":326,"comment_status":"closed","ping_status":"closed","sticky":false,"template":"","format":"standard","meta":{"_acf_changed":false,"inline_featured_image":false,"footnotes":""},"categories":[1],"tags":[],"class_list":["post-325","post","type-post","status-publish","format-standard","has-post-thumbnail","hentry","category-aktuality"],"acf":[],"_links":{"self":[{"href":"https:\/\/www.skolyjesenice.cz\/zs\/wp-json\/wp\/v2\/posts\/325","targetHints":{"allow":["GET"]}}],"collection":[{"href":"https:\/\/www.skolyjesenice.cz\/zs\/wp-json\/wp\/v2\/posts"}],"about":[{"href":"https:\/\/www.skolyjesenice.cz\/zs\/wp-json\/wp\/v2\/types\/post"}],"author":[{"embeddable":true,"href":"https:\/\/www.skolyjesenice.cz\/zs\/wp-json\/wp\/v2\/users\/1"}],"replies":[{"embeddable":true,"href":"https:\/\/www.skolyjesenice.cz\/zs\/wp-json\/wp\/v2\/comments?post=325"}],"version-history":[{"count":2,"href":"https:\/\/www.skolyjesenice.cz\/zs\/wp-json\/wp\/v2\/posts\/325\/revisions"}],"predecessor-version":[{"id":411,"href":"https:\/\/www.skolyjesenice.cz\/zs\/wp-json\/wp\/v2\/posts\/325\/revisions\/411"}],"wp:featuredmedia":[{"embeddable":true,"href":"https:\/\/www.skolyjesenice.cz\/zs\/wp-json\/wp\/v2\/media\/326"}],"wp:attachment":[{"href":"https:\/\/www.skolyjesenice.cz\/zs\/wp-json\/wp\/v2\/media?parent=325"}],"wp:term":[{"taxonomy":"category","embeddable":true,"href":"https:\/\/www.skolyjesenice.cz\/zs\/wp-json\/wp\/v2\/categories?post=325"},{"taxonomy":"post_tag","embeddable":true,"href":"https:\/\/www.skolyjesenice.cz\/zs\/wp-json\/wp\/v2\/tags?post=325"}],"curies":[{"name":"wp","href":"https:\/\/api.w.org\/{rel}","templated":true}]}}