{"id":321,"date":"2023-04-20T12:10:21","date_gmt":"2023-04-20T10:10:21","guid":{"rendered":"https:\/\/www.skolyjesenice.cz\/zs\/?p=321"},"modified":"2024-01-09T09:03:45","modified_gmt":"2024-01-09T08:03:45","slug":"krivoklatska-sovicka-2023","status":"publish","type":"post","link":"https:\/\/www.skolyjesenice.cz\/zs\/2023\/04\/20\/krivoklatska-sovicka-2023\/","title":{"rendered":"K\u0159ivokl\u00e1tsk\u00e1 sovi\u010dka 2023"},"content":{"rendered":"<p><img loading=\"lazy\" decoding=\"async\" class=\"alignnone size-full wp-image-322\" src=\"https:\/\/www.skolyjesenice.cz\/zs\/wp-content\/uploads\/sites\/3\/2024\/01\/20230420_110706.jpg\" alt=\"K\u0159ivokl\u00e1tsk\u00e1 sovi\u010dka\" width=\"1500\" height=\"2000\" srcset=\"https:\/\/www.skolyjesenice.cz\/zs\/wp-content\/uploads\/sites\/3\/2024\/01\/20230420_110706.jpg 1500w, https:\/\/www.skolyjesenice.cz\/zs\/wp-content\/uploads\/sites\/3\/2024\/01\/20230420_110706-225x300.jpg 225w, https:\/\/www.skolyjesenice.cz\/zs\/wp-content\/uploads\/sites\/3\/2024\/01\/20230420_110706-768x1024.jpg 768w, https:\/\/www.skolyjesenice.cz\/zs\/wp-content\/uploads\/sites\/3\/2024\/01\/20230420_110706-1152x1536.jpg 1152w\" sizes=\"auto, (max-width: 1500px) 100vw, 1500px\" \/><\/p>\n<p>P\u0159\u00edrodov\u011bdn\u00e1 sout\u011b\u017e K\u0159ivokl\u00e1tsk\u00e1 sovi\u010dka se pomalu st\u00e1v\u00e1 pro na\u0161i \u0161kolu tradic\u00ed. Pozv\u00e1nku na sout\u011b\u017e n\u00e1m op\u011bt poslala Ta\u0165\u00e1na Friebertov\u00e1. Tentokr\u00e1t se na sout\u011b\u017e vypravila hned 2 dru\u017estva, a to mlad\u0161\u00ed a star\u0161\u00ed \u017e\u00e1ci. Po\u0161mourn\u00e9 po\u010das\u00ed n\u00e1s neodradilo, a my jsme se vybaveni dobrou n\u00e1ladou, vydali ve \u010dtvrtek 20. 4. 2023 \u0161koln\u00edmi auty sm\u011brem na K\u0159ivokl\u00e1t. Zah\u00e1jen\u00ed sout\u011b\u017ee prob\u011bhlo v 9.00 hodin, ka\u017ed\u00e9 dru\u017estvo si vyzvedlo startovn\u00ed karti\u010dku s n\u00e1zvy osmi stanovi\u0161\u0165. Do startu n\u00e1m chyb\u011bla jen chvilka, a tak jsme se povozili na lanovce. N\u00e1\u0161 startovn\u00ed \u010das byl stanoven na 9.40 hod., kdy jsme vych\u00e1zeli na trasu a za\u010dali plnit \u00fakoly. Na trase bylo celkem 8 stanovi\u0161\u0165: pole, louky a pastviny, parky, sady a zahrady, les, lesn\u00ed plochy, hory a jedno sportovn\u00ed stanovi\u0161t\u011b a jedno z\u00e1bavn\u00e9 stanovi\u0161t\u011b \u2013 poznej podle hmatu a \u010dichu. Ob\u011b dru\u017estva se velmi sna\u017eila, \u017e\u00e1ci velice p\u011bkn\u011b spolupracovali. Po p\u0159\u00edchodu z trasy si sout\u011b\u017e\u00edc\u00ed opekli bu\u0159ty. Pak dru\u017estvo mlad\u0161\u00edch \u017e\u00e1k\u016f muselo odjet do \u0161koly. Star\u0161\u00ed \u017e\u00e1ci z\u016fstali a u\u017e\u00edvali si je\u0161t\u011b doprovodn\u00fd program, nap\u0159. st\u0159elbu ze vzduchovky, j\u00edzdu na lanovce \u010di na klouza\u010dce, h\u00e1d\u00e1n\u00ed zv\u00ed\u0159at &#8211; poznej kdo jsi. Uteklo to jako voda a u\u017e tu bylo vyhodnocen\u00ed. Neum\u00edstili jsme se mezi prvn\u00edmi, ale pova\u017eovali jsme si toho, \u017ee jsme se mohli z\u00fa\u010dastnit, v\u017edy\u0165 jsme z\u00edskali kr\u00e1sn\u00fdch 58 bod\u016f. A jestli se n\u00e1m to poda\u0159\u00ed, za rok pojedeme zase.<\/p>\n<p style=\"text-align: right;\">Jana M\u011bchurov\u00e1<\/p>\n<p><a href=\"zmap.rajce.idnes.cz\/Krivoklatska_sovicka_2023\/\" target=\"_blank\" rel=\"noopener\">Fotografie<\/a><\/p>\n","protected":false},"excerpt":{"rendered":"<p>P\u0159\u00edrodov\u011bdn\u00e1 sout\u011b\u017e K\u0159ivokl\u00e1tsk\u00e1 sovi\u010dka se pomalu st\u00e1v\u00e1 pro na\u0161i \u0161kolu tradic\u00ed. Pozv\u00e1nku na sout\u011b\u017e n\u00e1m [&hellip;]<\/p>\n","protected":false},"author":1,"featured_media":322,"comment_status":"closed","ping_status":"closed","sticky":false,"template":"","format":"standard","meta":{"_acf_changed":false,"inline_featured_image":false,"footnotes":""},"categories":[1],"tags":[],"class_list":["post-321","post","type-post","status-publish","format-standard","has-post-thumbnail","hentry","category-aktuality"],"acf":[],"_links":{"self":[{"href":"https:\/\/www.skolyjesenice.cz\/zs\/wp-json\/wp\/v2\/posts\/321","targetHints":{"allow":["GET"]}}],"collection":[{"href":"https:\/\/www.skolyjesenice.cz\/zs\/wp-json\/wp\/v2\/posts"}],"about":[{"href":"https:\/\/www.skolyjesenice.cz\/zs\/wp-json\/wp\/v2\/types\/post"}],"author":[{"embeddable":true,"href":"https:\/\/www.skolyjesenice.cz\/zs\/wp-json\/wp\/v2\/users\/1"}],"replies":[{"embeddable":true,"href":"https:\/\/www.skolyjesenice.cz\/zs\/wp-json\/wp\/v2\/comments?post=321"}],"version-history":[{"count":4,"href":"https:\/\/www.skolyjesenice.cz\/zs\/wp-json\/wp\/v2\/posts\/321\/revisions"}],"predecessor-version":[{"id":410,"href":"https:\/\/www.skolyjesenice.cz\/zs\/wp-json\/wp\/v2\/posts\/321\/revisions\/410"}],"wp:featuredmedia":[{"embeddable":true,"href":"https:\/\/www.skolyjesenice.cz\/zs\/wp-json\/wp\/v2\/media\/322"}],"wp:attachment":[{"href":"https:\/\/www.skolyjesenice.cz\/zs\/wp-json\/wp\/v2\/media?parent=321"}],"wp:term":[{"taxonomy":"category","embeddable":true,"href":"https:\/\/www.skolyjesenice.cz\/zs\/wp-json\/wp\/v2\/categories?post=321"},{"taxonomy":"post_tag","embeddable":true,"href":"https:\/\/www.skolyjesenice.cz\/zs\/wp-json\/wp\/v2\/tags?post=321"}],"curies":[{"name":"wp","href":"https:\/\/api.w.org\/{rel}","templated":true}]}}