{"id":312,"date":"2023-04-14T06:45:52","date_gmt":"2023-04-14T04:45:52","guid":{"rendered":"https:\/\/www.skolyjesenice.cz\/zs\/?p=312"},"modified":"2024-01-09T09:01:55","modified_gmt":"2024-01-09T08:01:55","slug":"3-kmd-divadlo-minor-zahada-hlavolamu","status":"publish","type":"post","link":"https:\/\/www.skolyjesenice.cz\/zs\/2023\/04\/14\/3-kmd-divadlo-minor-zahada-hlavolamu\/","title":{"rendered":"3. KMD &#8211; Divadlo Minor &#8211; Z\u00e1hada hlavolamu"},"content":{"rendered":"<p><img loading=\"lazy\" decoding=\"async\" class=\"alignnone size-full wp-image-313\" src=\"https:\/\/www.skolyjesenice.cz\/zs\/wp-content\/uploads\/sites\/3\/2024\/01\/IMG_0138.jpg\" alt=\"MKD\" width=\"2000\" height=\"1500\" srcset=\"https:\/\/www.skolyjesenice.cz\/zs\/wp-content\/uploads\/sites\/3\/2024\/01\/IMG_0138.jpg 2000w, https:\/\/www.skolyjesenice.cz\/zs\/wp-content\/uploads\/sites\/3\/2024\/01\/IMG_0138-300x225.jpg 300w, https:\/\/www.skolyjesenice.cz\/zs\/wp-content\/uploads\/sites\/3\/2024\/01\/IMG_0138-1024x768.jpg 1024w, https:\/\/www.skolyjesenice.cz\/zs\/wp-content\/uploads\/sites\/3\/2024\/01\/IMG_0138-768x576.jpg 768w, https:\/\/www.skolyjesenice.cz\/zs\/wp-content\/uploads\/sites\/3\/2024\/01\/IMG_0138-1536x1152.jpg 1536w\" sizes=\"auto, (max-width: 2000px) 100vw, 2000px\" \/><\/p>\n<p>Tak u\u017e je to tady, posledn\u00ed v\u00fdlet s Klubem mlad\u00e9ho div\u00e1ka padl na \u010dtvrtek 13. 4. 2023. R\u00e1no jsme op\u011bt vyrazili sm\u011brem na Rakovn\u00edk a Prahu. Metrem jsme vystoupili p\u0159\u00edmo \u201eu kon\u011b\u201c. V\u00edte, kde to je? Ano, na V\u00e1clavsk\u00e9m n\u00e1m\u011bst\u00ed. Pro\u0161li jsme ho a\u017e k Muzeu smysl\u016f. Pak u\u017e byla z\u00e1bava i legrace. Muzeum smysl\u016f je toti\u017e interaktivn\u00ed muzeum, kde se m\u016f\u017eete st\u00e1t sou\u010d\u00e1st\u00ed expozice! Najdete tam v\u00edce ne\u017e 50 expon\u00e1t\u016f k prozkoum\u00e1n\u00ed, od nejr\u016fzn\u011bj\u0161\u00edch zkreslen\u00fdch m\u00edstnost\u00ed p\u0159es \u00fa\u017easn\u00e9 instalace po obr\u00e1zky s optick\u00fdmi iluzemi. No pod\u00edvejte se do fotogalerie! Kdy\u017e jsme byli v\u0161emi vjemy (zrak, sluch, hmat, \u010dich) hezky unaven\u00ed, bylo na \u010dase zam\u011b\u0159it se na chu\u0165. Tak na\u0161e dal\u0161\u00ed cesta sm\u011b\u0159ovala op\u011bt do na\u0161\u00ed obl\u00edben\u00e9 Bageterie Boulevard. Po odpo\u010dinku ji\u017e na\u0161e cesta sm\u011b\u0159ovala p\u0159\u00edmo do Minoru. T\u011b\u0161ili jsme se toti\u017e na divadeln\u00ed p\u0159edstaven\u00ed Z\u00e1hada hlavolamu. Je to dobrodru\u017en\u00fd p\u0159\u00edb\u011bh autora Jaroslava Foglara, kter\u00fd vypr\u00e1v\u00ed o chlapeck\u00e9m klubu Rychl\u00fdch \u0161\u00edp\u016f, kter\u00fd p\u00e1tr\u00e1 po p\u016fvodu a osudu z\u00e1hadn\u00e9ho hlavolamu zvan\u00e9ho je\u017eek v kleci. Po velk\u00e9m potlesku ji\u017e nade\u0161el \u010das vydat se zp\u00e1tky sm\u011br Jesenice. Zp\u00e1te\u010dn\u00ed cesta ub\u011bhla pom\u011brn\u011b rychle a my ji\u017e po 19. hodin\u011b byli u\u017e na intern\u00e1t\u011b \u0161koly. Smutn\u00e9 je, \u017ee v leto\u0161n\u00edm \u0161koln\u00edm roce se ji\u017e Klub neuskute\u010dn\u00ed. Vesel\u00e9 ale je, \u017ee po velk\u00fdch pr\u00e1zdnin\u00e1ch za\u010dneme jezdit zase!!!! A to ji\u017e bude 15. ro\u010dn\u00edk!!!<\/p>\n<p style=\"text-align: right;\">Mark\u00e9ta Uhrov\u00e1<\/p>\n<p><a href=\"zmap.rajce.idnes.cz\/3._KMD_ZS_-_Divadlo_Minor_-_Zahada_hlavolamu_2023\/\" target=\"_blank\" rel=\"noopener\">Fotografie<\/a><\/p>\n","protected":false},"excerpt":{"rendered":"<p>Tak u\u017e je to tady, posledn\u00ed v\u00fdlet s Klubem mlad\u00e9ho div\u00e1ka padl na \u010dtvrtek 13. [&hellip;]<\/p>\n","protected":false},"author":1,"featured_media":313,"comment_status":"closed","ping_status":"closed","sticky":false,"template":"","format":"standard","meta":{"_acf_changed":false,"inline_featured_image":false,"footnotes":""},"categories":[1],"tags":[],"class_list":["post-312","post","type-post","status-publish","format-standard","has-post-thumbnail","hentry","category-aktuality"],"acf":[],"_links":{"self":[{"href":"https:\/\/www.skolyjesenice.cz\/zs\/wp-json\/wp\/v2\/posts\/312","targetHints":{"allow":["GET"]}}],"collection":[{"href":"https:\/\/www.skolyjesenice.cz\/zs\/wp-json\/wp\/v2\/posts"}],"about":[{"href":"https:\/\/www.skolyjesenice.cz\/zs\/wp-json\/wp\/v2\/types\/post"}],"author":[{"embeddable":true,"href":"https:\/\/www.skolyjesenice.cz\/zs\/wp-json\/wp\/v2\/users\/1"}],"replies":[{"embeddable":true,"href":"https:\/\/www.skolyjesenice.cz\/zs\/wp-json\/wp\/v2\/comments?post=312"}],"version-history":[{"count":3,"href":"https:\/\/www.skolyjesenice.cz\/zs\/wp-json\/wp\/v2\/posts\/312\/revisions"}],"predecessor-version":[{"id":404,"href":"https:\/\/www.skolyjesenice.cz\/zs\/wp-json\/wp\/v2\/posts\/312\/revisions\/404"}],"wp:featuredmedia":[{"embeddable":true,"href":"https:\/\/www.skolyjesenice.cz\/zs\/wp-json\/wp\/v2\/media\/313"}],"wp:attachment":[{"href":"https:\/\/www.skolyjesenice.cz\/zs\/wp-json\/wp\/v2\/media?parent=312"}],"wp:term":[{"taxonomy":"category","embeddable":true,"href":"https:\/\/www.skolyjesenice.cz\/zs\/wp-json\/wp\/v2\/categories?post=312"},{"taxonomy":"post_tag","embeddable":true,"href":"https:\/\/www.skolyjesenice.cz\/zs\/wp-json\/wp\/v2\/tags?post=312"}],"curies":[{"name":"wp","href":"https:\/\/api.w.org\/{rel}","templated":true}]}}