{"id":284,"date":"2023-03-07T20:00:49","date_gmt":"2023-03-07T19:00:49","guid":{"rendered":"https:\/\/www.skolyjesenice.cz\/zs\/?p=284"},"modified":"2024-01-09T08:58:24","modified_gmt":"2024-01-09T07:58:24","slug":"den-pro-zdravi-2023","status":"publish","type":"post","link":"https:\/\/www.skolyjesenice.cz\/zs\/2023\/03\/07\/den-pro-zdravi-2023\/","title":{"rendered":"Den pro zdrav\u00ed 2023"},"content":{"rendered":"<p><img loading=\"lazy\" decoding=\"async\" class=\"alignnone size-full wp-image-287\" src=\"https:\/\/www.skolyjesenice.cz\/zs\/wp-content\/uploads\/sites\/3\/2024\/01\/DSC_0080.jpg\" alt=\"Den pro zdrav\u00ed\" width=\"2000\" height=\"1333\" srcset=\"https:\/\/www.skolyjesenice.cz\/zs\/wp-content\/uploads\/sites\/3\/2024\/01\/DSC_0080.jpg 2000w, https:\/\/www.skolyjesenice.cz\/zs\/wp-content\/uploads\/sites\/3\/2024\/01\/DSC_0080-300x200.jpg 300w, https:\/\/www.skolyjesenice.cz\/zs\/wp-content\/uploads\/sites\/3\/2024\/01\/DSC_0080-1024x682.jpg 1024w, https:\/\/www.skolyjesenice.cz\/zs\/wp-content\/uploads\/sites\/3\/2024\/01\/DSC_0080-768x512.jpg 768w, https:\/\/www.skolyjesenice.cz\/zs\/wp-content\/uploads\/sites\/3\/2024\/01\/DSC_0080-1536x1024.jpg 1536w\" sizes=\"auto, (max-width: 2000px) 100vw, 2000px\" \/><\/p>\n<p>V \u00fater\u00fd 7. b\u0159ezna se v na\u0161\u00ed \u0161kole uskute\u010dnil &#8222;Den pro zdrav\u00ed&#8220;. P\u0159ed osmou hodinou jsme se v\u0161ichni se\u0161li na chodb\u011b na kr\u00e1tk\u00e9 zah\u00e1jen\u00ed. Na \u00favod jsme se sezn\u00e1mili s pr\u016fb\u011bhem cel\u00e9ho dne a s \u010dinnostmi, kter\u00e9 n\u00e1s \u010dekaj\u00ed. Do t\u0159\u00edd jsme se rozch\u00e1zeli se zn\u00e1mou p\u00edsni\u010dkou &#8222;Pramen zdrav\u00ed z Pos\u00e1zav\u00ed&#8220;. Ve t\u0159\u00edd\u00e1ch jsme si pov\u00eddali o v\u0161em, co ke zdrav\u00ed pat\u0159\u00ed \u2013 zdrav\u00e1 strava, sportov\u00e1n\u00ed, zdrav\u00e9 denn\u00ed n\u00e1vyky, ale i p\u00e9\u010de o sv\u00e9 t\u011blo i ducha. Zji\u0161\u0165ovali jsme svoji v\u00fd\u0161ku i v\u00e1hu, v t\u011blocvi\u010dn\u011b si vyzkou\u0161eli, kolik ud\u011bl\u00e1me d\u0159ep\u016f, klik\u016f, leh\u016f a sed\u016f. Postupn\u011b po jednotliv\u00fdch t\u0159\u00edd\u00e1ch jsme se z\u00fa\u010dastnili aktivit v Kulturn\u00edm dom\u011b v Jesenici, kter\u00e9 si pro n\u00e1s p\u0159ipravili st\u0159edo\u0161kol\u00e1ci. Nejv\u011bt\u0161\u00ed \u00fasp\u011bch zaznamenala zdravov\u011bda, potravinov\u00e1 pyramida a nafukov\u00e1n\u00ed bal\u00f3nk\u016f. Kdo cht\u011bl, mohl si tak\u00e9 nechat zm\u011b\u0159it tlak. Na cestu zp\u011bt jsme dostali i vitam\u00edny. Den se n\u00e1m moc l\u00edbil a p\u0159isp\u011bl tak k dobr\u00e9 n\u00e1lad\u011b, kter\u00e1 je z\u00e1kladem zdrav\u00ed n\u00e1s v\u0161ech.<\/p>\n<p style=\"text-align: right;\">Bc. Lucie Krausov\u00e1 Kab\u00e1tov\u00e1<\/p>\n<p><a href=\"https:\/\/www.rajce.idnes.cz\/zmap\/album\/den-pro-zdravi-2023\" target=\"_blank\" rel=\"noopener\">Fotografie<\/a><\/p>\n","protected":false},"excerpt":{"rendered":"<p>V \u00fater\u00fd 7. b\u0159ezna se v na\u0161\u00ed \u0161kole uskute\u010dnil &#8222;Den pro zdrav\u00ed&#8220;. P\u0159ed osmou hodinou [&hellip;]<\/p>\n","protected":false},"author":1,"featured_media":287,"comment_status":"closed","ping_status":"closed","sticky":false,"template":"","format":"standard","meta":{"_acf_changed":false,"inline_featured_image":false,"footnotes":""},"categories":[1],"tags":[],"class_list":["post-284","post","type-post","status-publish","format-standard","has-post-thumbnail","hentry","category-aktuality"],"acf":[],"_links":{"self":[{"href":"https:\/\/www.skolyjesenice.cz\/zs\/wp-json\/wp\/v2\/posts\/284","targetHints":{"allow":["GET"]}}],"collection":[{"href":"https:\/\/www.skolyjesenice.cz\/zs\/wp-json\/wp\/v2\/posts"}],"about":[{"href":"https:\/\/www.skolyjesenice.cz\/zs\/wp-json\/wp\/v2\/types\/post"}],"author":[{"embeddable":true,"href":"https:\/\/www.skolyjesenice.cz\/zs\/wp-json\/wp\/v2\/users\/1"}],"replies":[{"embeddable":true,"href":"https:\/\/www.skolyjesenice.cz\/zs\/wp-json\/wp\/v2\/comments?post=284"}],"version-history":[{"count":4,"href":"https:\/\/www.skolyjesenice.cz\/zs\/wp-json\/wp\/v2\/posts\/284\/revisions"}],"predecessor-version":[{"id":394,"href":"https:\/\/www.skolyjesenice.cz\/zs\/wp-json\/wp\/v2\/posts\/284\/revisions\/394"}],"wp:featuredmedia":[{"embeddable":true,"href":"https:\/\/www.skolyjesenice.cz\/zs\/wp-json\/wp\/v2\/media\/287"}],"wp:attachment":[{"href":"https:\/\/www.skolyjesenice.cz\/zs\/wp-json\/wp\/v2\/media?parent=284"}],"wp:term":[{"taxonomy":"category","embeddable":true,"href":"https:\/\/www.skolyjesenice.cz\/zs\/wp-json\/wp\/v2\/categories?post=284"},{"taxonomy":"post_tag","embeddable":true,"href":"https:\/\/www.skolyjesenice.cz\/zs\/wp-json\/wp\/v2\/tags?post=284"}],"curies":[{"name":"wp","href":"https:\/\/api.w.org\/{rel}","templated":true}]}}