{"id":2422,"date":"2025-04-25T20:27:58","date_gmt":"2025-04-25T18:27:58","guid":{"rendered":"https:\/\/www.skolyjesenice.cz\/zs\/?p=2422"},"modified":"2025-05-15T20:41:34","modified_gmt":"2025-05-15T18:41:34","slug":"zss-iii_jarohratky","status":"publish","type":"post","link":"https:\/\/www.skolyjesenice.cz\/zs\/2025\/04\/25\/zss-iii_jarohratky\/","title":{"rendered":"Z\u0160S III_JAROhr\u00e1tky"},"content":{"rendered":"<p style=\"text-align: justify\">V prvn\u00ed jarn\u00ed den se cel\u00e1 \u0161kola op\u011bt se\u0161la p\u0159i zah\u00e1jen\u00ed dal\u0161\u00ed akce s n\u00e1zvem JAROhr\u00e1tky. Jak ji\u017e napov\u00edd\u00e1 samotn\u00fd n\u00e1zev, akce se t\u00fdkala v\u0161eho kolem nejkr\u00e1sn\u011bj\u0161\u00edho obdob\u00ed v roce, tedy jara. Pro\u010d nejkr\u00e1sn\u011bj\u0161\u00ed? Proto\u017ee se p\u0159\u00edroda probouz\u00ed ze zimn\u00edho sp\u00e1nku a pomalinku o sob\u011b d\u00e1v\u00e1 v\u011bd\u011bt a\u0165 u\u017e \u0161t\u011bbet\u00e1n\u00edm pt\u00e1\u010dk\u016f, kte\u0159\u00ed se k n\u00e1m vracej\u00ed z ji\u017en\u00edch zem\u00ed, \u010di pomalu se zelenaj\u00edc\u00edch strom\u016f, tr\u00e1vy\u00a0 \u00a0 a ke\u0159\u016f, v\u016fn\u00ed prvn\u00edch jarn\u00edch kv\u011btin, a p\u0159edev\u0161\u00edm prvn\u00edch jarn\u00edch paprsk\u016f, kter\u00fdmi n\u00e1s slun\u00ed\u010dko \u0161imr\u00e1 na tv\u00e1\u0159\u00edch. V nich se pak objevuj\u00ed m\u00edsto zamra\u010den\u00fdch pohled\u016f \u00fasm\u011bvy a \u0161t\u011bst\u00ed. Ti nejmlad\u0161\u00ed \u017e\u00e1ci se nau\u010dili, co se na ja\u0159e v p\u0159\u00edrod\u011b d\u011bje, d\u00e1le se nau\u010dili rozd\u011blen\u00ed m\u011bs\u00edc\u016f v roce podle ro\u010dn\u00edch obdob\u00ed a ti star\u0161\u00ed si tyto sv\u00e9 znalosti osvojili. Jeliko\u017e jsou hlavn\u00edm sv\u00e1tkem jara Velikonoce, ve v\u0161ech t\u0159\u00edd\u00e1ch si pov\u00eddali o zvyc\u00edch a tradic\u00edch spojen\u00fdch s nimi, v r\u00e1mci p\u0159edm\u011btu Pracovn\u00ed v\u00fdchovy si pekli velikono\u010dn\u00ed ber\u00e1nky, pern\u00ed\u010dky \u010di jin\u00e9 velikono\u010dn\u00ed dobroty, vyr\u00e1b\u011bli velikono\u010dn\u00ed dekorace, zdobili kraslice. Nav\u00edc se \u017e\u00e1ci dozv\u011bd\u011bli, jak se slav\u00ed Velikonoce v okoln\u00edch st\u00e1tech na\u0161\u00ed republiky, ale i jinde ve sv\u011bt\u011b. Sou\u010d\u00e1st\u00ed projektu byly tak\u00e9 proch\u00e1zky v okol\u00ed \u0161koly, pozorov\u00e1n\u00ed zm\u011bn v p\u0159\u00edrod\u011b, vyhled\u00e1v\u00e1n\u00ed jarn\u00edch rostlin, tvorba velikono\u010dn\u00edch dekorac\u00ed a hra Cvrnkan\u00e1. V den zakon\u010den\u00ed tohoto projektu, co\u017e bylo p\u0159ed velikono\u010dn\u00edmi pr\u00e1zdninami, v\u0161ichni \u017e\u00e1ci donesli sv\u00e9 v\u00fdtvory, kter\u00e9 jim byly zad\u00e1ny, a to zas\u00edt osen\u00ed a vyrobit z\u00e1pich do kv\u011btin\u00e1\u010de. To byla pane\u010dku p\u0159ehl\u00eddka kr\u00e1sn\u00fdch d\u011bl!\u00a0 N\u011bkte\u0159\u00ed \u017e\u00e1ci si je\u0161t\u011b nav\u00edc pro svoje pot\u011b\u0161en\u00ed vyrobili herb\u00e1\u0159 jarn\u00edch kyti\u010dek. Odm\u011bnou za jejich snahu a p\u00edli jim byly diplomy a n\u011bco sladk\u00e9ho. A na v\u00edt\u011bze Cvrnkan\u00e9 z jednotliv\u00fdch t\u0159\u00edd pak \u010dekalo dal\u0161\u00ed mil\u00e9 ocen\u011bn\u00ed. Pak u\u017e nezb\u00fdvalo nic jin\u00e9ho, ne\u017e v\u0161em pop\u0159\u00e1t vesel\u00e9 Velikonoce a rozej\u00edt se dom\u016f.<\/p>\n<p style=\"text-align: justify\">Bc. Ludmila Kor\u010d\u00e1kov\u00e1<\/p>\n<p><img loading=\"lazy\" decoding=\"async\" class=\"alignleft size-medium wp-image-2456\" src=\"http:\/\/www.skolyjesenice.cz\/zs\/wp-content\/uploads\/sites\/3\/2025\/05\/IMG_1098-1-300x225.jpeg\" alt=\"\" width=\"300\" height=\"225\" srcset=\"https:\/\/www.skolyjesenice.cz\/zs\/wp-content\/uploads\/sites\/3\/2025\/05\/IMG_1098-1-300x225.jpeg 300w, https:\/\/www.skolyjesenice.cz\/zs\/wp-content\/uploads\/sites\/3\/2025\/05\/IMG_1098-1-768x576.jpeg 768w, https:\/\/www.skolyjesenice.cz\/zs\/wp-content\/uploads\/sites\/3\/2025\/05\/IMG_1098-1.jpeg 1000w\" sizes=\"auto, (max-width: 300px) 100vw, 300px\" \/> <img loading=\"lazy\" decoding=\"async\" class=\"alignleft size-medium wp-image-2458\" src=\"http:\/\/www.skolyjesenice.cz\/zs\/wp-content\/uploads\/sites\/3\/2025\/05\/IMG_1916-1-300x225.jpeg\" alt=\"\" width=\"300\" height=\"225\" srcset=\"https:\/\/www.skolyjesenice.cz\/zs\/wp-content\/uploads\/sites\/3\/2025\/05\/IMG_1916-1-300x225.jpeg 300w, https:\/\/www.skolyjesenice.cz\/zs\/wp-content\/uploads\/sites\/3\/2025\/05\/IMG_1916-1-768x576.jpeg 768w, https:\/\/www.skolyjesenice.cz\/zs\/wp-content\/uploads\/sites\/3\/2025\/05\/IMG_1916-1.jpeg 1000w\" sizes=\"auto, (max-width: 300px) 100vw, 300px\" \/><\/p>\n","protected":false},"excerpt":{"rendered":"<p>V prvn\u00ed jarn\u00ed den se cel\u00e1 \u0161kola op\u011bt se\u0161la p\u0159i zah\u00e1jen\u00ed dal\u0161\u00ed akce s n\u00e1zvem [&hellip;]<\/p>\n","protected":false},"author":6,"featured_media":0,"comment_status":"closed","ping_status":"closed","sticky":false,"template":"","format":"standard","meta":{"_acf_changed":false,"inline_featured_image":false,"footnotes":""},"categories":[1,7],"tags":[],"class_list":["post-2422","post","type-post","status-publish","format-standard","hentry","category-aktuality","category-szs-iii"],"acf":[],"_links":{"self":[{"href":"https:\/\/www.skolyjesenice.cz\/zs\/wp-json\/wp\/v2\/posts\/2422","targetHints":{"allow":["GET"]}}],"collection":[{"href":"https:\/\/www.skolyjesenice.cz\/zs\/wp-json\/wp\/v2\/posts"}],"about":[{"href":"https:\/\/www.skolyjesenice.cz\/zs\/wp-json\/wp\/v2\/types\/post"}],"author":[{"embeddable":true,"href":"https:\/\/www.skolyjesenice.cz\/zs\/wp-json\/wp\/v2\/users\/6"}],"replies":[{"embeddable":true,"href":"https:\/\/www.skolyjesenice.cz\/zs\/wp-json\/wp\/v2\/comments?post=2422"}],"version-history":[{"count":4,"href":"https:\/\/www.skolyjesenice.cz\/zs\/wp-json\/wp\/v2\/posts\/2422\/revisions"}],"predecessor-version":[{"id":2463,"href":"https:\/\/www.skolyjesenice.cz\/zs\/wp-json\/wp\/v2\/posts\/2422\/revisions\/2463"}],"wp:attachment":[{"href":"https:\/\/www.skolyjesenice.cz\/zs\/wp-json\/wp\/v2\/media?parent=2422"}],"wp:term":[{"taxonomy":"category","embeddable":true,"href":"https:\/\/www.skolyjesenice.cz\/zs\/wp-json\/wp\/v2\/categories?post=2422"},{"taxonomy":"post_tag","embeddable":true,"href":"https:\/\/www.skolyjesenice.cz\/zs\/wp-json\/wp\/v2\/tags?post=2422"}],"curies":[{"name":"wp","href":"https:\/\/api.w.org\/{rel}","templated":true}]}}