{"id":1941,"date":"2025-04-11T08:28:58","date_gmt":"2025-04-11T06:28:58","guid":{"rendered":"https:\/\/www.skolyjesenice.cz\/zs\/?p=1941"},"modified":"2025-05-06T08:27:54","modified_gmt":"2025-05-06T06:27:54","slug":"leden-unor-zs-ii","status":"publish","type":"post","link":"https:\/\/www.skolyjesenice.cz\/zs\/2025\/04\/11\/leden-unor-zs-ii\/","title":{"rendered":"LEDEN\u2013\u00daNOR Z\u0160 II"},"content":{"rendered":"<p style=\"text-align: justify\">Po v\u00e1no\u010dn\u00edch pr\u00e1zdnin\u00e1ch jsme se op\u011bt se\u0161li ve t\u0159\u00edd\u011b. Spole\u010dn\u011b jsme si vypr\u00e1v\u011bli o tom, jak jsme str\u00e1vili V\u00e1noce. Hodn\u011b \u017e\u00e1k\u016f na\u0161\u00ed t\u0159\u00eddy v lednu onemocn\u011blo. Venku panovalo celkem mraziv\u00e9 po\u010das\u00ed, a tak jsme se pustili do v\u00fdroby krm\u00edtek pro pt\u00e1\u010dky. Vybrali jsme si z mnoha n\u00e1pad\u016f to ze d\u0159eva. V\u011bt\u0161inu pr\u00e1ce odvedli kluci, krm\u00edtko se jim v\u00e1\u017en\u011b povedlo. Pak jsme krm\u00edtko um\u00edstili na \u0161koln\u00ed pozemek a za\u010dali do n\u011bj sypat pt\u00e1\u010dk\u016fm. Za\u010d\u00e1tkem \u00fanora byl zah\u00e1jen dal\u0161\u00ed \u0161koln\u00ed projekt s n\u00e1zvem \u201eKorunka ke korunce\u201c, kter\u00fd p\u0159isp\u011bl k rozvoji finan\u010dn\u00ed gramotnosti v\u0161ech \u017e\u00e1k\u016f. Plnili jsme projektov\u00e9 \u00fakoly nejen v t\u011blocvi\u010dn\u011b, kde jsme si zahr\u00e1li na obchod a zab\u00fdvali se rodinn\u00fdm rozpo\u010dtem. U\u017eili jsme si u toho spoustu legrace. P\u0159ipravili si recept na pala\u010dinky v\u010detn\u011b rozpo\u010dtu na n\u00e1kup surovin a v\u0161e zpracovali do tabulky. Pala\u010dinky jsme si ale u\u017e nestihli p\u0159ipravit. M\u011bs\u00edc \u00fanor utekl jako voda, nejenom proto, \u017ee je to kr\u00e1tk\u00fd m\u011bs\u00edc, ale proto \u017ee jsme si u\u017eili jarn\u00ed pr\u00e1zdniny. Ne\u017e jsme se na n\u011b rozutekli, u\u017eili jsme si \u0161koln\u00ed ma\u0161karn\u00ed karneval, kter\u00fd se letos uskute\u010dnil v duchu obyvatel hradu Petr\u0161purku. Nachystali jsme si masky, kluci \u0161li za ryt\u00ed\u0159e a holky za b\u00edl\u00e9 pan\u00ed a princeznu. P\u0159i v\u00fdrob\u011b masek jsme se n\u00e1le\u017eit\u011b pobavili. V t\u011blocvi\u010dn\u011b jsme si pak s radost\u00ed zasout\u011b\u017eili i zatancovali.<\/p>\n<p style=\"text-align: justify\">Mgr. Jana M\u011bchurov\u00e1<\/p>\n<p><img loading=\"lazy\" decoding=\"async\" class=\"alignleft size-medium wp-image-1944\" src=\"http:\/\/www.skolyjesenice.cz\/zs\/wp-content\/uploads\/sites\/3\/2025\/04\/IMG_20250211_092055-225x300.jpg\" alt=\"\" width=\"225\" height=\"300\" srcset=\"https:\/\/www.skolyjesenice.cz\/zs\/wp-content\/uploads\/sites\/3\/2025\/04\/IMG_20250211_092055-225x300.jpg 225w, https:\/\/www.skolyjesenice.cz\/zs\/wp-content\/uploads\/sites\/3\/2025\/04\/IMG_20250211_092055.jpg 750w\" sizes=\"auto, (max-width: 225px) 100vw, 225px\" \/> <img loading=\"lazy\" decoding=\"async\" class=\"alignleft size-medium wp-image-1945\" src=\"http:\/\/www.skolyjesenice.cz\/zs\/wp-content\/uploads\/sites\/3\/2025\/04\/IMG_20250211_092719-225x300.jpg\" alt=\"\" width=\"225\" height=\"300\" srcset=\"https:\/\/www.skolyjesenice.cz\/zs\/wp-content\/uploads\/sites\/3\/2025\/04\/IMG_20250211_092719-225x300.jpg 225w, https:\/\/www.skolyjesenice.cz\/zs\/wp-content\/uploads\/sites\/3\/2025\/04\/IMG_20250211_092719.jpg 750w\" sizes=\"auto, (max-width: 225px) 100vw, 225px\" \/> <img loading=\"lazy\" decoding=\"async\" class=\"alignleft size-medium wp-image-1946\" src=\"http:\/\/www.skolyjesenice.cz\/zs\/wp-content\/uploads\/sites\/3\/2025\/04\/IMG_20250211_093101-225x300.jpg\" alt=\"\" width=\"225\" height=\"300\" srcset=\"https:\/\/www.skolyjesenice.cz\/zs\/wp-content\/uploads\/sites\/3\/2025\/04\/IMG_20250211_093101-225x300.jpg 225w, https:\/\/www.skolyjesenice.cz\/zs\/wp-content\/uploads\/sites\/3\/2025\/04\/IMG_20250211_093101.jpg 750w\" sizes=\"auto, (max-width: 225px) 100vw, 225px\" \/> <img loading=\"lazy\" decoding=\"async\" class=\"alignleft  wp-image-1947\" src=\"http:\/\/www.skolyjesenice.cz\/zs\/wp-content\/uploads\/sites\/3\/2025\/04\/IMG_20250211_093221-300x225.jpg\" alt=\"\" width=\"342\" height=\"256\" srcset=\"https:\/\/www.skolyjesenice.cz\/zs\/wp-content\/uploads\/sites\/3\/2025\/04\/IMG_20250211_093221-300x225.jpg 300w, https:\/\/www.skolyjesenice.cz\/zs\/wp-content\/uploads\/sites\/3\/2025\/04\/IMG_20250211_093221-768x576.jpg 768w, https:\/\/www.skolyjesenice.cz\/zs\/wp-content\/uploads\/sites\/3\/2025\/04\/IMG_20250211_093221.jpg 1000w\" sizes=\"auto, (max-width: 342px) 100vw, 342px\" \/> <img loading=\"lazy\" decoding=\"async\" class=\"alignleft  wp-image-1948\" src=\"http:\/\/www.skolyjesenice.cz\/zs\/wp-content\/uploads\/sites\/3\/2025\/04\/IMG_20250219_110650-300x225.jpg\" alt=\"\" width=\"349\" height=\"262\" srcset=\"https:\/\/www.skolyjesenice.cz\/zs\/wp-content\/uploads\/sites\/3\/2025\/04\/IMG_20250219_110650-300x225.jpg 300w, https:\/\/www.skolyjesenice.cz\/zs\/wp-content\/uploads\/sites\/3\/2025\/04\/IMG_20250219_110650-768x576.jpg 768w, https:\/\/www.skolyjesenice.cz\/zs\/wp-content\/uploads\/sites\/3\/2025\/04\/IMG_20250219_110650.jpg 1000w\" sizes=\"auto, (max-width: 349px) 100vw, 349px\" \/> <img loading=\"lazy\" decoding=\"async\" class=\"alignleft  wp-image-1949\" src=\"http:\/\/www.skolyjesenice.cz\/zs\/wp-content\/uploads\/sites\/3\/2025\/04\/IMG_20250219_110918-300x225.jpg\" alt=\"\" width=\"332\" height=\"249\" srcset=\"https:\/\/www.skolyjesenice.cz\/zs\/wp-content\/uploads\/sites\/3\/2025\/04\/IMG_20250219_110918-300x225.jpg 300w, https:\/\/www.skolyjesenice.cz\/zs\/wp-content\/uploads\/sites\/3\/2025\/04\/IMG_20250219_110918-768x576.jpg 768w, https:\/\/www.skolyjesenice.cz\/zs\/wp-content\/uploads\/sites\/3\/2025\/04\/IMG_20250219_110918.jpg 1000w\" sizes=\"auto, (max-width: 332px) 100vw, 332px\" \/><\/p>\n<p>&nbsp;<\/p>\n<p><img loading=\"lazy\" decoding=\"async\" class=\"alignleft  wp-image-1954\" src=\"http:\/\/www.skolyjesenice.cz\/zs\/wp-content\/uploads\/sites\/3\/2025\/04\/IMG_20250220_101639-300x225.jpg\" alt=\"\" width=\"336\" height=\"252\" srcset=\"https:\/\/www.skolyjesenice.cz\/zs\/wp-content\/uploads\/sites\/3\/2025\/04\/IMG_20250220_101639-300x225.jpg 300w, https:\/\/www.skolyjesenice.cz\/zs\/wp-content\/uploads\/sites\/3\/2025\/04\/IMG_20250220_101639-768x576.jpg 768w, https:\/\/www.skolyjesenice.cz\/zs\/wp-content\/uploads\/sites\/3\/2025\/04\/IMG_20250220_101639.jpg 1000w\" sizes=\"auto, (max-width: 336px) 100vw, 336px\" \/><\/p>\n","protected":false},"excerpt":{"rendered":"<p>Po v\u00e1no\u010dn\u00edch pr\u00e1zdnin\u00e1ch jsme se op\u011bt se\u0161li ve t\u0159\u00edd\u011b. Spole\u010dn\u011b jsme si vypr\u00e1v\u011bli o tom, [&hellip;]<\/p>\n","protected":false},"author":6,"featured_media":0,"comment_status":"closed","ping_status":"closed","sticky":false,"template":"","format":"standard","meta":{"_acf_changed":false,"inline_featured_image":false,"footnotes":""},"categories":[1,3],"tags":[],"class_list":["post-1941","post","type-post","status-publish","format-standard","hentry","category-aktuality","category-zs-ii"],"acf":[],"_links":{"self":[{"href":"https:\/\/www.skolyjesenice.cz\/zs\/wp-json\/wp\/v2\/posts\/1941","targetHints":{"allow":["GET"]}}],"collection":[{"href":"https:\/\/www.skolyjesenice.cz\/zs\/wp-json\/wp\/v2\/posts"}],"about":[{"href":"https:\/\/www.skolyjesenice.cz\/zs\/wp-json\/wp\/v2\/types\/post"}],"author":[{"embeddable":true,"href":"https:\/\/www.skolyjesenice.cz\/zs\/wp-json\/wp\/v2\/users\/6"}],"replies":[{"embeddable":true,"href":"https:\/\/www.skolyjesenice.cz\/zs\/wp-json\/wp\/v2\/comments?post=1941"}],"version-history":[{"count":7,"href":"https:\/\/www.skolyjesenice.cz\/zs\/wp-json\/wp\/v2\/posts\/1941\/revisions"}],"predecessor-version":[{"id":2267,"href":"https:\/\/www.skolyjesenice.cz\/zs\/wp-json\/wp\/v2\/posts\/1941\/revisions\/2267"}],"wp:attachment":[{"href":"https:\/\/www.skolyjesenice.cz\/zs\/wp-json\/wp\/v2\/media?parent=1941"}],"wp:term":[{"taxonomy":"category","embeddable":true,"href":"https:\/\/www.skolyjesenice.cz\/zs\/wp-json\/wp\/v2\/categories?post=1941"},{"taxonomy":"post_tag","embeddable":true,"href":"https:\/\/www.skolyjesenice.cz\/zs\/wp-json\/wp\/v2\/tags?post=1941"}],"curies":[{"name":"wp","href":"https:\/\/api.w.org\/{rel}","templated":true}]}}