{"id":164,"date":"2023-02-20T20:46:38","date_gmt":"2023-02-20T19:46:38","guid":{"rendered":"https:\/\/www.skolyjesenice.cz\/?p=1"},"modified":"2024-01-09T08:56:12","modified_gmt":"2024-01-09T07:56:12","slug":"prednaska-s-policii-cr","status":"publish","type":"post","link":"https:\/\/www.skolyjesenice.cz\/zs\/2023\/02\/20\/prednaska-s-policii-cr\/","title":{"rendered":"P\u0159edn\u00e1\u0161ka s Polici\u00ed \u010cR"},"content":{"rendered":"<p><img loading=\"lazy\" decoding=\"async\" class=\"alignnone size-full wp-image-277\" src=\"https:\/\/www.skolyjesenice.cz\/zs\/wp-content\/uploads\/sites\/3\/2023\/02\/20230220_135926.jpg\" alt=\"P\u0159edn\u00e1\u0161ka s polici\u00ed\" width=\"2000\" height=\"1125\" srcset=\"https:\/\/www.skolyjesenice.cz\/zs\/wp-content\/uploads\/sites\/3\/2023\/02\/20230220_135926.jpg 2000w, https:\/\/www.skolyjesenice.cz\/zs\/wp-content\/uploads\/sites\/3\/2023\/02\/20230220_135926-300x169.jpg 300w, https:\/\/www.skolyjesenice.cz\/zs\/wp-content\/uploads\/sites\/3\/2023\/02\/20230220_135926-1024x576.jpg 1024w, https:\/\/www.skolyjesenice.cz\/zs\/wp-content\/uploads\/sites\/3\/2023\/02\/20230220_135926-768x432.jpg 768w, https:\/\/www.skolyjesenice.cz\/zs\/wp-content\/uploads\/sites\/3\/2023\/02\/20230220_135926-1536x864.jpg 1536w\" sizes=\"auto, (max-width: 2000px) 100vw, 2000px\" \/><\/p>\n<p>Prvn\u00ed \u0161koln\u00ed den po jarn\u00edch pr\u00e1zdnin\u00e1ch 20. 2. 2023 byl pro n\u011bkter\u00e9 \u017e\u00e1ky z\u00e1kladn\u00ed \u0161koly trochu v\u00fdjime\u010dn\u00fd. M\u00edsto odpoledn\u00edho vyu\u010dov\u00e1n\u00ed m\u011bli mo\u017enost z\u00fa\u010dastnit se p\u0159edn\u00e1\u0161ky D\u016fsledky poru\u0161ov\u00e1n\u00ed spole\u010densk\u00fdch, mor\u00e1ln\u00edch a pr\u00e1vn\u00edch norem ve spole\u010dnosti. P\u0159edn\u00e1\u0161ej\u00edc\u00edm a velmi zku\u0161en\u00fdm policistou byl poru\u010d\u00edk v. v. Ren\u00e9 \u010cern\u00fd, kter\u00fd se s \u017e\u00e1ky zab\u00fdval t\u00e9maty z\u00e1\u0161kol\u00e1ctv\u00ed, delikvence ml\u00e1de\u017ee a rizika internetu. Povinnosti \u017e\u00e1k\u016f p\u0159i pln\u011bn\u00ed povinn\u00e9 \u0161koln\u00ed doch\u00e1zky, z\u00e1m\u011brn\u00e9 po\u0161kozov\u00e1n\u00ed ciz\u00ed v\u011bci (\u0161koln\u00edho vybaven\u00ed), u\u017eit\u00ed n\u00e1vykov\u00fdch l\u00e1tek, p\u0159ekra\u010dov\u00e1n\u00ed a poru\u0161ov\u00e1n\u00ed \u0159\u00e1d\u016f, pravidel a z\u00e1kon\u016f, zp\u016fsob \u0159e\u0161en\u00ed. Zaj\u00edmav\u00e9 tak\u00e9 byly tak\u00e9 p\u0159\u00edklady spolu\u017e\u00e1k\u016f z jin\u00fdch \u0161kol. Kdo m\u011bl z\u00e1jem, z\u00edskal od pana \u010cern\u00e9ho bro\u017euru Z\u00e1pisn\u00edk str\u00e1\u017emistra Klicpery, se kterou budou m\u00edt mo\u017enost se sezn\u00e1mit a pracovat v dal\u0161\u00edch hodin\u00e1ch v\u00fduky. \u017d\u00e1ci tak\u00e9 m\u011bli mo\u017enost m\u00edt dotazy a zeptat se na souvisej\u00edc\u00ed problematiku. Ale jak to b\u00fdv\u00e1, ot\u00e1zek bylo mnoho, tak budeme m\u00edt mo\u017enost se t\u011bmito ot\u00e1zkami zab\u00fdvat snad v n\u011bkter\u00fdch dal\u0161\u00edch aktivit\u00e1ch \u0161koly v r\u00e1mci prim\u00e1rn\u00ed prevence.<\/p>\n<p style=\"text-align: right;\">Mgr. Mark\u00e9ta Uhrov\u00e1<\/p>\n<p><a href=\"zmap.rajce.idnes.cz\/Prednaska_s_Policii_CR_2023\/\" target=\"_blank\" rel=\"noopener\">Fotografie<\/a><\/p>\n","protected":false},"excerpt":{"rendered":"<p>Prvn\u00ed \u0161koln\u00ed den po jarn\u00edch pr\u00e1zdnin\u00e1ch 20. 2. 2023 byl pro n\u011bkter\u00e9 \u017e\u00e1ky z\u00e1kladn\u00ed \u0161koly [&hellip;]<\/p>\n","protected":false},"author":1,"featured_media":277,"comment_status":"closed","ping_status":"closed","sticky":false,"template":"","format":"standard","meta":{"_acf_changed":false,"inline_featured_image":false,"footnotes":""},"categories":[1],"tags":[],"class_list":["post-164","post","type-post","status-publish","format-standard","has-post-thumbnail","hentry","category-aktuality"],"acf":[],"_links":{"self":[{"href":"https:\/\/www.skolyjesenice.cz\/zs\/wp-json\/wp\/v2\/posts\/164","targetHints":{"allow":["GET"]}}],"collection":[{"href":"https:\/\/www.skolyjesenice.cz\/zs\/wp-json\/wp\/v2\/posts"}],"about":[{"href":"https:\/\/www.skolyjesenice.cz\/zs\/wp-json\/wp\/v2\/types\/post"}],"author":[{"embeddable":true,"href":"https:\/\/www.skolyjesenice.cz\/zs\/wp-json\/wp\/v2\/users\/1"}],"replies":[{"embeddable":true,"href":"https:\/\/www.skolyjesenice.cz\/zs\/wp-json\/wp\/v2\/comments?post=164"}],"version-history":[{"count":4,"href":"https:\/\/www.skolyjesenice.cz\/zs\/wp-json\/wp\/v2\/posts\/164\/revisions"}],"predecessor-version":[{"id":392,"href":"https:\/\/www.skolyjesenice.cz\/zs\/wp-json\/wp\/v2\/posts\/164\/revisions\/392"}],"wp:featuredmedia":[{"embeddable":true,"href":"https:\/\/www.skolyjesenice.cz\/zs\/wp-json\/wp\/v2\/media\/277"}],"wp:attachment":[{"href":"https:\/\/www.skolyjesenice.cz\/zs\/wp-json\/wp\/v2\/media?parent=164"}],"wp:term":[{"taxonomy":"category","embeddable":true,"href":"https:\/\/www.skolyjesenice.cz\/zs\/wp-json\/wp\/v2\/categories?post=164"},{"taxonomy":"post_tag","embeddable":true,"href":"https:\/\/www.skolyjesenice.cz\/zs\/wp-json\/wp\/v2\/tags?post=164"}],"curies":[{"name":"wp","href":"https:\/\/api.w.org\/{rel}","templated":true}]}}