{"id":1440,"date":"2024-12-20T14:20:12","date_gmt":"2024-12-20T13:20:12","guid":{"rendered":"https:\/\/www.skolyjesenice.cz\/zs\/?p=1440"},"modified":"2025-02-04T16:14:52","modified_gmt":"2025-02-04T15:14:52","slug":"cas-adventu-v-rehabilitacni-tride","status":"publish","type":"post","link":"https:\/\/www.skolyjesenice.cz\/zs\/2024\/12\/20\/cas-adventu-v-rehabilitacni-tride\/","title":{"rendered":"RT ZS\u0160 \u010cas adventu v\u00a0rehabilita\u010dn\u00ed t\u0159\u00edd\u011b"},"content":{"rendered":"<p>V\u00e1noce se kvapem bl\u00ed\u017eily a my se na n\u011b velmi t\u011b\u0161ili. U\u017e b\u011bhem listopadu jsme za\u010dali tvo\u0159it ozdoby a dekorace na v\u00e1no\u010dn\u00ed v\u00fdstavu v\u00a0Muzeu v\u00a0Jesenici a jin\u00e9 v\u00e1no\u010dn\u00ed jarmarky. V\u00a0na\u0161\u00ed t\u0159\u00edd\u011b jsme vyr\u00e1b\u011bli nap\u0159\u00edklad d\u0159ev\u011bn\u00e9 sn\u011bhul\u00e1ky a stromky, ozdoby ze studen\u00e9ho porcel\u00e1nu a s\u00e1dry, sv\u00ed\u010dky, ale i obr\u00e1zky s\u00a0v\u00e1no\u010dn\u00ed t\u00e9matikou.<\/p>\n<p>B\u011bhem prosince n\u00e1s \u010dekalo spoustu akc\u00ed. Prvn\u00ed bylo zah\u00e1jen\u00ed projektu Adventn\u00ed \u010das. Zah\u00e1jen\u00ed prob\u011bhlo\u00a0pomoc\u00ed prezentace fotografi\u00ed z\u00a0p\u0159ede\u0161l\u00e9ho roku, abychom si zavzpom\u00ednali a navodili atmosf\u00e9ru. \u017d\u00e1ci plnili b\u011bhem projektu n\u011bkolik \u00fakol\u016f, ale hlavn\u00edm \u00fakolem bylo si spole\u010dn\u011b u\u017e\u00edt p\u0159edv\u00e1no\u010dn\u00ed \u010das.<\/p>\n<p>I u n\u00e1s ve t\u0159\u00edd\u011b se 5. prosince objevil Mikul\u00e1\u0161 v\u00a0doprovodu \u010derta a and\u011bla. Spole\u010dn\u011b jsme zarecitovali b\u00e1se\u0148 a sl\u00edbili n\u00e1pravu h\u0159\u00edch\u016f. Za odm\u011bnu dostaly d\u011bti kr\u00e1sn\u011b zdoben\u00e9 pern\u00ed\u010dky a mandarinky.\u00a0 Z\u00e1v\u011brem dne byla velk\u00e1 \u010dert\u00ed diskot\u00e9ka v\u00a0t\u011blocvi\u010dn\u011b. \u017d\u00e1ci z\u00a0cel\u00e9 \u0161koly si mohli spolu zasout\u011b\u017eit i zatan\u010dit. Den jsme si par\u00e1dn\u011b u\u017eili.<\/p>\n<p>Co by to bylo za p\u0159edv\u00e1no\u010dn\u00ed \u010das, kdybychom si nezkusili up\u00e9ct n\u011bjak\u00e9 cukrov\u00ed. My jsme si ud\u011blali nepe\u010den\u00e9 kakaov\u00e9 kuli\u010dky, zvl\u00e1dli jsme up\u00e9ct i v\u00e1no\u010dn\u00ed \u0161tolu. A samoz\u0159ejm\u011b nesm\u00ed chyb\u011bt v\u00e1no\u010dn\u00ed v\u00fdzdoba t\u0159\u00eddy, kter\u00e1 se n\u00e1m, podle na\u0161eho skromn\u00e9ho n\u00e1zoru, opravdu povedla. D\u011bti si nazdobily \u017eiv\u00fd strome\u010dek, kter\u00fd n\u00e1m ka\u017ed\u00fd den kr\u00e1sn\u011b sv\u00edtil a zp\u0159\u00edjem\u0148oval n\u00e1m svou v\u016fn\u00ed vyu\u010dov\u00e1n\u00ed.<\/p>\n<p>Jak u\u017e jsem se v\u00fd\u0161e zm\u00ednila, \u010dekaly n\u00e1s i projektov\u00e9 \u00fakoly.\u00a0 Upletli jsme si z\u00a0model\u00edny v\u00e1no\u010dku, vyrobili jsme si betl\u00e9m a vylu\u0161tili n\u011bkolik k\u0159\u00ed\u017eovek a r\u00e9bus\u016f. Mimo to jsme se za\u0161li pod\u00edvat na na\u0161i v\u00fdstavu v\u00a0muzeu, kde se d\u011btem moc l\u00edbilo.<\/p>\n<p>Obrovskou radost jsme m\u011bli z\u00a0n\u00e1v\u0161t\u011bvy divadla v\u00a0Rakovn\u00edku. Vid\u011bli jsme p\u0159edstaven\u00ed V\u00e1no\u010dn\u00ed koledov\u00e1n\u00ed. B\u011bhem n\u011bj jsme si zazp\u00edvali a zp\u011bt do \u0161koly jsme odj\u00ed\u017ed\u011bli s\u00a0v\u00e1no\u010dn\u00ed n\u00e1ladou.<\/p>\n<p>V\u00a0polovin\u011b prosince n\u00e1s \u010dekala bes\u00eddka pro rodi\u010de. Piln\u011b jsme nacvi\u010dovali dramatizaci p\u00edsn\u011b Sn\u011bhul\u00e1k. Na vystoupen\u00ed jsem d\u011bti p\u0159ivezla na san\u00edch a povedl se n\u00e1m kr\u00e1sn\u00fd velk\u00fd sn\u011bhul\u00e1k. \ud83d\ude0a Byli jsme \u0161\u0165astn\u00ed, \u017ee se vystoupen\u00ed v\u0161em l\u00edbilo.<\/p>\n<p>Z\u00e1v\u011brem v\u00e1no\u010dn\u00edho projektu byla op\u011bt prezentace fotek, p\u0159i kter\u00e9 se \u017e\u00e1ci mohli pod\u00edvat, jak p\u0159edv\u00e1no\u010dn\u00ed \u010das pro\u017eily ostatn\u00ed t\u0159\u00eddy.<\/p>\n<p>Posledn\u00ed den p\u0159ed v\u00e1no\u010dn\u00edmi pr\u00e1zdninami jsme m\u011bli t\u0159\u00eddn\u00ed v\u00e1no\u010dn\u00ed bes\u00eddku. B\u011bhem dne jsme si poslechli koledy, vyzkou\u0161eli v\u00e1no\u010dn\u00ed tradice a zvyky, pochutnali si na cukrov\u00ed, a hlavn\u011b k\u00a0n\u00e1m p\u0159ilet\u011bl i Je\u017e\u00ed\u0161ek. A proto\u017ee jsou u n\u00e1s d\u011bti hodn\u00e9, dostaly od n\u011bho kr\u00e1sn\u00e9 d\u00e1rky. Zb\u00fdvalo si u\u017e jen pop\u0159\u00e1t kr\u00e1sn\u00e9 V\u00e1noce a t\u011b\u0161it se na nov\u00fd rok 2025.<\/p>\n<p>T\u0159\u00eddn\u00ed u\u010ditelka Bc. Pavl\u00edna Peterkov\u00e1<\/p>\n<p><img loading=\"lazy\" decoding=\"async\" class=\"alignleft size-medium wp-image-1420\" src=\"http:\/\/www.skolyjesenice.cz\/zs\/wp-content\/uploads\/sites\/3\/2025\/01\/IMG_5738-225x300.jpg\" alt=\"\" width=\"225\" height=\"300\" srcset=\"https:\/\/www.skolyjesenice.cz\/zs\/wp-content\/uploads\/sites\/3\/2025\/01\/IMG_5738-225x300.jpg 225w, https:\/\/www.skolyjesenice.cz\/zs\/wp-content\/uploads\/sites\/3\/2025\/01\/IMG_5738-768x1024.jpg 768w, https:\/\/www.skolyjesenice.cz\/zs\/wp-content\/uploads\/sites\/3\/2025\/01\/IMG_5738-1152x1536.jpg 1152w, https:\/\/www.skolyjesenice.cz\/zs\/wp-content\/uploads\/sites\/3\/2025\/01\/IMG_5738-1536x2048.jpg 1536w, https:\/\/www.skolyjesenice.cz\/zs\/wp-content\/uploads\/sites\/3\/2025\/01\/IMG_5738-scaled.jpg 1920w\" sizes=\"auto, (max-width: 225px) 100vw, 225px\" \/> <img loading=\"lazy\" decoding=\"async\" class=\"alignleft size-medium wp-image-1421\" src=\"http:\/\/www.skolyjesenice.cz\/zs\/wp-content\/uploads\/sites\/3\/2025\/01\/IMG_5742-225x300.jpg\" alt=\"\" width=\"225\" height=\"300\" srcset=\"https:\/\/www.skolyjesenice.cz\/zs\/wp-content\/uploads\/sites\/3\/2025\/01\/IMG_5742-225x300.jpg 225w, https:\/\/www.skolyjesenice.cz\/zs\/wp-content\/uploads\/sites\/3\/2025\/01\/IMG_5742-768x1024.jpg 768w, https:\/\/www.skolyjesenice.cz\/zs\/wp-content\/uploads\/sites\/3\/2025\/01\/IMG_5742-1152x1536.jpg 1152w, https:\/\/www.skolyjesenice.cz\/zs\/wp-content\/uploads\/sites\/3\/2025\/01\/IMG_5742-1536x2048.jpg 1536w, https:\/\/www.skolyjesenice.cz\/zs\/wp-content\/uploads\/sites\/3\/2025\/01\/IMG_5742-scaled.jpg 1920w\" sizes=\"auto, (max-width: 225px) 100vw, 225px\" \/> <img loading=\"lazy\" decoding=\"async\" class=\"alignleft size-medium wp-image-1434\" src=\"http:\/\/www.skolyjesenice.cz\/zs\/wp-content\/uploads\/sites\/3\/2025\/01\/XWIB8947-225x300.jpg\" alt=\"\" width=\"225\" height=\"300\" srcset=\"https:\/\/www.skolyjesenice.cz\/zs\/wp-content\/uploads\/sites\/3\/2025\/01\/XWIB8947-225x300.jpg 225w, https:\/\/www.skolyjesenice.cz\/zs\/wp-content\/uploads\/sites\/3\/2025\/01\/XWIB8947-768x1024.jpg 768w, https:\/\/www.skolyjesenice.cz\/zs\/wp-content\/uploads\/sites\/3\/2025\/01\/XWIB8947-1152x1536.jpg 1152w, https:\/\/www.skolyjesenice.cz\/zs\/wp-content\/uploads\/sites\/3\/2025\/01\/XWIB8947.jpg 1536w\" sizes=\"auto, (max-width: 225px) 100vw, 225px\" \/> <img loading=\"lazy\" decoding=\"async\" class=\"alignleft size-medium wp-image-1433\" src=\"http:\/\/www.skolyjesenice.cz\/zs\/wp-content\/uploads\/sites\/3\/2025\/01\/VDUE0151-225x300.jpg\" alt=\"\" width=\"225\" height=\"300\" srcset=\"https:\/\/www.skolyjesenice.cz\/zs\/wp-content\/uploads\/sites\/3\/2025\/01\/VDUE0151-225x300.jpg 225w, https:\/\/www.skolyjesenice.cz\/zs\/wp-content\/uploads\/sites\/3\/2025\/01\/VDUE0151-768x1024.jpg 768w, https:\/\/www.skolyjesenice.cz\/zs\/wp-content\/uploads\/sites\/3\/2025\/01\/VDUE0151-1152x1536.jpg 1152w, https:\/\/www.skolyjesenice.cz\/zs\/wp-content\/uploads\/sites\/3\/2025\/01\/VDUE0151.jpg 1536w\" sizes=\"auto, (max-width: 225px) 100vw, 225px\" \/> <img loading=\"lazy\" decoding=\"async\" class=\"alignleft size-medium wp-image-1429\" src=\"http:\/\/www.skolyjesenice.cz\/zs\/wp-content\/uploads\/sites\/3\/2025\/01\/IMG_5934-225x300.jpg\" alt=\"\" width=\"225\" height=\"300\" srcset=\"https:\/\/www.skolyjesenice.cz\/zs\/wp-content\/uploads\/sites\/3\/2025\/01\/IMG_5934-225x300.jpg 225w, https:\/\/www.skolyjesenice.cz\/zs\/wp-content\/uploads\/sites\/3\/2025\/01\/IMG_5934-768x1024.jpg 768w, https:\/\/www.skolyjesenice.cz\/zs\/wp-content\/uploads\/sites\/3\/2025\/01\/IMG_5934-1152x1536.jpg 1152w, https:\/\/www.skolyjesenice.cz\/zs\/wp-content\/uploads\/sites\/3\/2025\/01\/IMG_5934-1536x2048.jpg 1536w, https:\/\/www.skolyjesenice.cz\/zs\/wp-content\/uploads\/sites\/3\/2025\/01\/IMG_5934-scaled.jpg 1920w\" sizes=\"auto, (max-width: 225px) 100vw, 225px\" \/> <img loading=\"lazy\" decoding=\"async\" class=\"alignleft size-medium wp-image-1428\" src=\"http:\/\/www.skolyjesenice.cz\/zs\/wp-content\/uploads\/sites\/3\/2025\/01\/IMG_5921-225x300.jpg\" alt=\"\" width=\"225\" height=\"300\" srcset=\"https:\/\/www.skolyjesenice.cz\/zs\/wp-content\/uploads\/sites\/3\/2025\/01\/IMG_5921-225x300.jpg 225w, https:\/\/www.skolyjesenice.cz\/zs\/wp-content\/uploads\/sites\/3\/2025\/01\/IMG_5921-768x1024.jpg 768w, https:\/\/www.skolyjesenice.cz\/zs\/wp-content\/uploads\/sites\/3\/2025\/01\/IMG_5921-1152x1536.jpg 1152w, https:\/\/www.skolyjesenice.cz\/zs\/wp-content\/uploads\/sites\/3\/2025\/01\/IMG_5921-1536x2048.jpg 1536w, https:\/\/www.skolyjesenice.cz\/zs\/wp-content\/uploads\/sites\/3\/2025\/01\/IMG_5921-scaled.jpg 1920w\" sizes=\"auto, (max-width: 225px) 100vw, 225px\" \/> <img loading=\"lazy\" decoding=\"async\" class=\"alignleft size-medium wp-image-1427\" src=\"http:\/\/www.skolyjesenice.cz\/zs\/wp-content\/uploads\/sites\/3\/2025\/01\/IMG_5872-225x300.jpg\" alt=\"\" width=\"225\" height=\"300\" srcset=\"https:\/\/www.skolyjesenice.cz\/zs\/wp-content\/uploads\/sites\/3\/2025\/01\/IMG_5872-225x300.jpg 225w, https:\/\/www.skolyjesenice.cz\/zs\/wp-content\/uploads\/sites\/3\/2025\/01\/IMG_5872-768x1024.jpg 768w, https:\/\/www.skolyjesenice.cz\/zs\/wp-content\/uploads\/sites\/3\/2025\/01\/IMG_5872-1152x1536.jpg 1152w, https:\/\/www.skolyjesenice.cz\/zs\/wp-content\/uploads\/sites\/3\/2025\/01\/IMG_5872-1536x2048.jpg 1536w, https:\/\/www.skolyjesenice.cz\/zs\/wp-content\/uploads\/sites\/3\/2025\/01\/IMG_5872-scaled.jpg 1920w\" sizes=\"auto, (max-width: 225px) 100vw, 225px\" \/> <img loading=\"lazy\" decoding=\"async\" class=\"alignleft size-medium wp-image-1426\" src=\"http:\/\/www.skolyjesenice.cz\/zs\/wp-content\/uploads\/sites\/3\/2025\/01\/IMG_5869-225x300.jpg\" alt=\"\" width=\"225\" height=\"300\" srcset=\"https:\/\/www.skolyjesenice.cz\/zs\/wp-content\/uploads\/sites\/3\/2025\/01\/IMG_5869-225x300.jpg 225w, https:\/\/www.skolyjesenice.cz\/zs\/wp-content\/uploads\/sites\/3\/2025\/01\/IMG_5869-768x1024.jpg 768w, https:\/\/www.skolyjesenice.cz\/zs\/wp-content\/uploads\/sites\/3\/2025\/01\/IMG_5869-1152x1536.jpg 1152w, https:\/\/www.skolyjesenice.cz\/zs\/wp-content\/uploads\/sites\/3\/2025\/01\/IMG_5869-1536x2048.jpg 1536w, https:\/\/www.skolyjesenice.cz\/zs\/wp-content\/uploads\/sites\/3\/2025\/01\/IMG_5869-scaled.jpg 1920w\" sizes=\"auto, (max-width: 225px) 100vw, 225px\" \/> <img loading=\"lazy\" decoding=\"async\" class=\"alignleft size-medium wp-image-1425\" src=\"http:\/\/www.skolyjesenice.cz\/zs\/wp-content\/uploads\/sites\/3\/2025\/01\/IMG_5851-225x300.jpg\" alt=\"\" width=\"225\" height=\"300\" srcset=\"https:\/\/www.skolyjesenice.cz\/zs\/wp-content\/uploads\/sites\/3\/2025\/01\/IMG_5851-225x300.jpg 225w, https:\/\/www.skolyjesenice.cz\/zs\/wp-content\/uploads\/sites\/3\/2025\/01\/IMG_5851-768x1024.jpg 768w, https:\/\/www.skolyjesenice.cz\/zs\/wp-content\/uploads\/sites\/3\/2025\/01\/IMG_5851-1152x1536.jpg 1152w, https:\/\/www.skolyjesenice.cz\/zs\/wp-content\/uploads\/sites\/3\/2025\/01\/IMG_5851-1536x2048.jpg 1536w, https:\/\/www.skolyjesenice.cz\/zs\/wp-content\/uploads\/sites\/3\/2025\/01\/IMG_5851-scaled.jpg 1920w\" sizes=\"auto, (max-width: 225px) 100vw, 225px\" \/> <img loading=\"lazy\" decoding=\"async\" class=\"alignleft size-medium wp-image-1424\" src=\"http:\/\/www.skolyjesenice.cz\/zs\/wp-content\/uploads\/sites\/3\/2025\/01\/IMG_5846-225x300.jpg\" alt=\"\" width=\"225\" height=\"300\" srcset=\"https:\/\/www.skolyjesenice.cz\/zs\/wp-content\/uploads\/sites\/3\/2025\/01\/IMG_5846-225x300.jpg 225w, https:\/\/www.skolyjesenice.cz\/zs\/wp-content\/uploads\/sites\/3\/2025\/01\/IMG_5846-768x1024.jpg 768w, https:\/\/www.skolyjesenice.cz\/zs\/wp-content\/uploads\/sites\/3\/2025\/01\/IMG_5846-1152x1536.jpg 1152w, https:\/\/www.skolyjesenice.cz\/zs\/wp-content\/uploads\/sites\/3\/2025\/01\/IMG_5846-1536x2048.jpg 1536w, https:\/\/www.skolyjesenice.cz\/zs\/wp-content\/uploads\/sites\/3\/2025\/01\/IMG_5846-scaled.jpg 1920w\" sizes=\"auto, (max-width: 225px) 100vw, 225px\" \/> <img loading=\"lazy\" decoding=\"async\" class=\"alignleft size-medium wp-image-1423\" src=\"http:\/\/www.skolyjesenice.cz\/zs\/wp-content\/uploads\/sites\/3\/2025\/01\/IMG_5841-225x300.jpg\" alt=\"\" width=\"225\" height=\"300\" srcset=\"https:\/\/www.skolyjesenice.cz\/zs\/wp-content\/uploads\/sites\/3\/2025\/01\/IMG_5841-225x300.jpg 225w, https:\/\/www.skolyjesenice.cz\/zs\/wp-content\/uploads\/sites\/3\/2025\/01\/IMG_5841-768x1024.jpg 768w, https:\/\/www.skolyjesenice.cz\/zs\/wp-content\/uploads\/sites\/3\/2025\/01\/IMG_5841-1152x1536.jpg 1152w, https:\/\/www.skolyjesenice.cz\/zs\/wp-content\/uploads\/sites\/3\/2025\/01\/IMG_5841-1536x2048.jpg 1536w, https:\/\/www.skolyjesenice.cz\/zs\/wp-content\/uploads\/sites\/3\/2025\/01\/IMG_5841-scaled.jpg 1920w\" sizes=\"auto, (max-width: 225px) 100vw, 225px\" \/> <img loading=\"lazy\" decoding=\"async\" class=\"alignleft size-medium wp-image-1422\" src=\"http:\/\/www.skolyjesenice.cz\/zs\/wp-content\/uploads\/sites\/3\/2025\/01\/IMG_5767-225x300.jpg\" alt=\"\" width=\"225\" height=\"300\" srcset=\"https:\/\/www.skolyjesenice.cz\/zs\/wp-content\/uploads\/sites\/3\/2025\/01\/IMG_5767-225x300.jpg 225w, https:\/\/www.skolyjesenice.cz\/zs\/wp-content\/uploads\/sites\/3\/2025\/01\/IMG_5767-768x1024.jpg 768w, https:\/\/www.skolyjesenice.cz\/zs\/wp-content\/uploads\/sites\/3\/2025\/01\/IMG_5767-1152x1536.jpg 1152w, https:\/\/www.skolyjesenice.cz\/zs\/wp-content\/uploads\/sites\/3\/2025\/01\/IMG_5767-1536x2048.jpg 1536w, https:\/\/www.skolyjesenice.cz\/zs\/wp-content\/uploads\/sites\/3\/2025\/01\/IMG_5767-scaled.jpg 1920w\" sizes=\"auto, (max-width: 225px) 100vw, 225px\" \/><\/p>\n<p>&nbsp;<\/p>\n","protected":false},"excerpt":{"rendered":"<p>V\u00e1noce se kvapem bl\u00ed\u017eily a my se na n\u011b velmi t\u011b\u0161ili. U\u017e b\u011bhem listopadu jsme [&hellip;]<\/p>\n","protected":false},"author":6,"featured_media":0,"comment_status":"closed","ping_status":"closed","sticky":false,"template":"","format":"standard","meta":{"_acf_changed":false,"inline_featured_image":false,"footnotes":""},"categories":[1,8],"tags":[],"class_list":["post-1440","post","type-post","status-publish","format-standard","hentry","category-aktuality","category-rt-zss"],"acf":[],"_links":{"self":[{"href":"https:\/\/www.skolyjesenice.cz\/zs\/wp-json\/wp\/v2\/posts\/1440","targetHints":{"allow":["GET"]}}],"collection":[{"href":"https:\/\/www.skolyjesenice.cz\/zs\/wp-json\/wp\/v2\/posts"}],"about":[{"href":"https:\/\/www.skolyjesenice.cz\/zs\/wp-json\/wp\/v2\/types\/post"}],"author":[{"embeddable":true,"href":"https:\/\/www.skolyjesenice.cz\/zs\/wp-json\/wp\/v2\/users\/6"}],"replies":[{"embeddable":true,"href":"https:\/\/www.skolyjesenice.cz\/zs\/wp-json\/wp\/v2\/comments?post=1440"}],"version-history":[{"count":2,"href":"https:\/\/www.skolyjesenice.cz\/zs\/wp-json\/wp\/v2\/posts\/1440\/revisions"}],"predecessor-version":[{"id":1539,"href":"https:\/\/www.skolyjesenice.cz\/zs\/wp-json\/wp\/v2\/posts\/1440\/revisions\/1539"}],"wp:attachment":[{"href":"https:\/\/www.skolyjesenice.cz\/zs\/wp-json\/wp\/v2\/media?parent=1440"}],"wp:term":[{"taxonomy":"category","embeddable":true,"href":"https:\/\/www.skolyjesenice.cz\/zs\/wp-json\/wp\/v2\/categories?post=1440"},{"taxonomy":"post_tag","embeddable":true,"href":"https:\/\/www.skolyjesenice.cz\/zs\/wp-json\/wp\/v2\/tags?post=1440"}],"curies":[{"name":"wp","href":"https:\/\/api.w.org\/{rel}","templated":true}]}}