{"id":1309,"date":"2024-12-20T13:24:10","date_gmt":"2024-12-20T12:24:10","guid":{"rendered":"https:\/\/www.skolyjesenice.cz\/zs\/?p=1309"},"modified":"2025-01-07T18:40:37","modified_gmt":"2025-01-07T17:40:37","slug":"podzimni-akce","status":"publish","type":"post","link":"https:\/\/www.skolyjesenice.cz\/zs\/2024\/12\/20\/podzimni-akce\/","title":{"rendered":"Podzimn\u00ed akce"},"content":{"rendered":"<p>Stejn\u011b jako rok p\u0159edchoz\u00ed, tak i letos n\u00e1s d\u00edky p\u011bkn\u00e9 \u00farod\u011b d\u00fdn\u00ed, kter\u00e9 jsme si koncem \u0161koln\u00edho roku zas\u00e1zeli na pozemc\u00edch \u0161koly u u\u010dili\u0161t\u011b, \u010dekalo n\u011bkolik p\u0159\u00edjemn\u00fdch dn\u00ed v\u00a0podob\u011b dal\u0161\u00ed akce nazvan\u00e9 Hr\u00e1tky s\u00a0d\u00fdn\u011bmi, kter\u00e1 byla zah\u00e1jena 22. \u0159\u00edjna. Vybrali jsme si jednu z\u00a0nejv\u011bt\u0161\u00edch a spole\u010dn\u00fdmi silami jsme z\u00a0n\u00ed vy\u0159ezali usm\u011bvavou d\u00fdni, proto\u017ee se v\u0161ichni v na\u0161\u00ed t\u0159\u00edd\u011b sna\u017e\u00edme neust\u00e1le radovat i z\u00a0mali\u010dkost\u00ed. Tu jsme pot\u00e9 um\u00edstili<br \/>\nna v\u00fdstavku p\u0159ed \u0161kolu mezi dal\u0161\u00ed t\u0159\u00eddn\u00ed d\u00fdn\u011b. Krom\u011b pln\u011bn\u00ed r\u016fzn\u00fdch \u00fakol\u016f v\u00a0podob\u011b pracovn\u00edch list\u016f jsme nejenom na\u0161i d\u00fdn\u00ed m\u011b\u0159ili a v\u00e1\u017eili, ale tak\u00e9 jsme se vydali<br \/>\nna proch\u00e1zku v\u00a0okol\u00ed \u0161koly a objevovali, ve kter\u00fdch zahrad\u00e1ch uvid\u00edme podzimn\u011b \u010di halloweensky nazdoben\u00e9 domy a jejich p\u0159ilehl\u00e9 okol\u00ed. Nez\u016fstalo jen u toho, ale tak\u00e9 jsme v r\u00e1mci pracovn\u00ed v\u00fdchovy vyr\u00e1b\u011bli d\u00fd\u0148ov\u00fd kompot a d\u00fd\u0148ov\u00fd d\u017eus a nazdobili si d\u00fd\u0148ov\u00e9 aran\u017em\u00e1 z\u00a0ozdobn\u00fdch d\u00fdn\u00ed tak\u00e9 ze \u0161koln\u00edch pozemk\u016f. \u00a0Na kompotu i d\u017eusu jsme si moc pochutnali. Tato akce pak byla vyhodnocena v\u00a0dru\u017ein\u011b 25. \u0159\u00edjna.<\/p>\n<p>Bc. Ludmila Kor\u010d\u00e1kov\u00e1<\/p>\n<p>&nbsp;<\/p>\n","protected":false},"excerpt":{"rendered":"<p>Stejn\u011b jako rok p\u0159edchoz\u00ed, tak i letos n\u00e1s d\u00edky p\u011bkn\u00e9 \u00farod\u011b d\u00fdn\u00ed, kter\u00e9 jsme si [&hellip;]<\/p>\n","protected":false},"author":6,"featured_media":0,"comment_status":"closed","ping_status":"closed","sticky":false,"template":"","format":"standard","meta":{"_acf_changed":false,"inline_featured_image":false,"footnotes":""},"categories":[1],"tags":[],"class_list":["post-1309","post","type-post","status-publish","format-standard","hentry","category-aktuality"],"acf":[],"_links":{"self":[{"href":"https:\/\/www.skolyjesenice.cz\/zs\/wp-json\/wp\/v2\/posts\/1309","targetHints":{"allow":["GET"]}}],"collection":[{"href":"https:\/\/www.skolyjesenice.cz\/zs\/wp-json\/wp\/v2\/posts"}],"about":[{"href":"https:\/\/www.skolyjesenice.cz\/zs\/wp-json\/wp\/v2\/types\/post"}],"author":[{"embeddable":true,"href":"https:\/\/www.skolyjesenice.cz\/zs\/wp-json\/wp\/v2\/users\/6"}],"replies":[{"embeddable":true,"href":"https:\/\/www.skolyjesenice.cz\/zs\/wp-json\/wp\/v2\/comments?post=1309"}],"version-history":[{"count":4,"href":"https:\/\/www.skolyjesenice.cz\/zs\/wp-json\/wp\/v2\/posts\/1309\/revisions"}],"predecessor-version":[{"id":1366,"href":"https:\/\/www.skolyjesenice.cz\/zs\/wp-json\/wp\/v2\/posts\/1309\/revisions\/1366"}],"wp:attachment":[{"href":"https:\/\/www.skolyjesenice.cz\/zs\/wp-json\/wp\/v2\/media?parent=1309"}],"wp:term":[{"taxonomy":"category","embeddable":true,"href":"https:\/\/www.skolyjesenice.cz\/zs\/wp-json\/wp\/v2\/categories?post=1309"},{"taxonomy":"post_tag","embeddable":true,"href":"https:\/\/www.skolyjesenice.cz\/zs\/wp-json\/wp\/v2\/tags?post=1309"}],"curies":[{"name":"wp","href":"https:\/\/api.w.org\/{rel}","templated":true}]}}