{"id":850,"date":"2024-10-25T08:13:21","date_gmt":"2024-10-25T06:13:21","guid":{"rendered":"https:\/\/www.skolyjesenice.cz\/ss\/?p=850"},"modified":"2024-10-25T08:13:21","modified_gmt":"2024-10-25T06:13:21","slug":"krasny-dvur-udolim-potoka-lesky","status":"publish","type":"post","link":"https:\/\/www.skolyjesenice.cz\/ss\/2024\/10\/25\/krasny-dvur-udolim-potoka-lesky\/","title":{"rendered":"Kr\u00e1sn\u00fd Dv\u016fr \u2013 \u00dadol\u00edm potoka Lesky"},"content":{"rendered":"<p>Kr\u00e1sn\u00fd Dv\u016fr byl c\u00edl na\u0161\u00ed cesty v pond\u011bl\u00ed 21. 10. 2024 se \u017e\u00e1ky st\u0159edn\u00ed \u0161koly. Tento projektov\u00fd<br \/>\nden Implementace reformy 3.2.2 n\u00e1rodn\u00edho pl\u00e1nu byl vypln\u011bn kr\u00e1sn\u00fdm vzd\u011bl\u00e1vac\u00edm<br \/>\nprogramem \u00dadol\u00edm potoka Lesky, kter\u00fdm n\u00e1s provedl pan Petr Ho\u0161ek. Autobusem jsme<br \/>\nvyjeli r\u00e1no v 9:00<br \/>\nz Jesenice. Na z\u00e1mku Kr\u00e1sn\u00fd Dv\u016fr jsme se rozd\u011blili do \u010dty\u0159 skupin 1. Ptactvo, 2. D\u0159eviny<br \/>\na ekosyst\u00e9m lesa, 3. Voda v krajin\u011b, 4. Hmyz. Hned v \u00favodu jsme se sezn\u00e1mili s histori\u00ed<br \/>\nz\u00e1mku, z\u00e1meck\u00e9 zahrady, kterou jsme si p\u0159e\u010detli z vystaven\u00fdch panel\u016f. Pot\u00e9 jeden ze<br \/>\nz\u00e1stupc\u016f skupin odprezentoval ostatn\u00edm spolu\u017e\u00e1k\u016fm zaj\u00edmavost z historie, kterou se do\u010detli<br \/>\nna panelu.<br \/>\nV pr\u016fb\u011bhu dne se cel\u00fd program odehr\u00e1val venku v z\u00e1meck\u00e9 zahrad\u011b, kde se \u017e\u00e1ci sezn\u00e1mili se<br \/>\nz\u00e1kladn\u00edmi principy tvorby krajin\u00e1\u0159sk\u00fdch park\u016f a s histori\u00ed staveb drobn\u00e9 zahradn\u00ed<br \/>\narchitektury situovan\u00fdmi v \u00fadol\u00ed potoka Lesky. Pozorovali jsme vazby ekosyst\u00e9mu parku,<br \/>\nprov\u00e1d\u011bli rozbory tekouc\u00ed a stojat\u00e9 vody. Sledovali jsme dalekohledem zdej\u0161\u00ed ptactvo. Pod<br \/>\nokem lupy zkoumali drobn\u00fd hmyz, kter\u00fd jsme potkali cestou. Tvo\u0159ili herb\u00e1\u0159 strom\u016f a pomoc\u00ed<br \/>\naplikace Naturalis \u017e\u00e1ci ur\u010dovali n\u00e1zvy rostlin a \u017eivo\u010dich\u016f. Konec expedice byl formou ot\u00e1zek z<br \/>\ndan\u00e9ho odv\u011btv\u00ed<br \/>\na prezentac\u00ed zaj\u00edmavost\u00ed. A u\u017e zb\u00fdvala jen kr\u00e1sn\u00e1 \u0161estikilometrov\u00e1 proch\u00e1zka kolem Obelisku,<br \/>\nGlorietu, Novogotick\u00e9ho templu, \u010c\u00ednsk\u00e9ho pavilonu a dal\u0161\u00edch kr\u00e1sn\u00fdch staveb v z\u00e1meck\u00e9m<br \/>\nparku zp\u011bt k autobusu.<\/p>\n<p>Jana Hor\u00e1kov\u00e1<\/p>\n<p>&nbsp;<\/p>\n<p><img loading=\"lazy\" decoding=\"async\" class=\"size-medium wp-image-859 alignleft\" src=\"http:\/\/www.skolyjesenice.cz\/ss\/wp-content\/uploads\/sites\/2\/2024\/10\/20241021_113025-225x300.jpg\" alt=\"\" width=\"225\" height=\"300\" srcset=\"https:\/\/www.skolyjesenice.cz\/ss\/wp-content\/uploads\/sites\/2\/2024\/10\/20241021_113025-225x300.jpg 225w, https:\/\/www.skolyjesenice.cz\/ss\/wp-content\/uploads\/sites\/2\/2024\/10\/20241021_113025.jpg 750w\" sizes=\"auto, (max-width: 225px) 100vw, 225px\" \/> <img loading=\"lazy\" decoding=\"async\" class=\"size-medium wp-image-855 alignleft\" src=\"http:\/\/www.skolyjesenice.cz\/ss\/wp-content\/uploads\/sites\/2\/2024\/10\/20241021_125852-225x300.jpg\" alt=\"\" width=\"225\" height=\"300\" srcset=\"https:\/\/www.skolyjesenice.cz\/ss\/wp-content\/uploads\/sites\/2\/2024\/10\/20241021_125852-225x300.jpg 225w, https:\/\/www.skolyjesenice.cz\/ss\/wp-content\/uploads\/sites\/2\/2024\/10\/20241021_125852.jpg 750w\" sizes=\"auto, (max-width: 225px) 100vw, 225px\" \/> <img loading=\"lazy\" decoding=\"async\" class=\"size-medium wp-image-862 alignleft\" src=\"http:\/\/www.skolyjesenice.cz\/ss\/wp-content\/uploads\/sites\/2\/2024\/10\/20241021_092423-225x300.jpg\" alt=\"\" width=\"225\" height=\"300\" srcset=\"https:\/\/www.skolyjesenice.cz\/ss\/wp-content\/uploads\/sites\/2\/2024\/10\/20241021_092423-225x300.jpg 225w, https:\/\/www.skolyjesenice.cz\/ss\/wp-content\/uploads\/sites\/2\/2024\/10\/20241021_092423.jpg 750w\" sizes=\"auto, (max-width: 225px) 100vw, 225px\" \/><\/p>\n","protected":false},"excerpt":{"rendered":"<p>Kr\u00e1sn\u00fd Dv\u016fr byl c\u00edl na\u0161\u00ed cesty v pond\u011bl\u00ed 21. 10. 2024 se \u017e\u00e1ky st\u0159edn\u00ed \u0161koly. [&hellip;]<\/p>\n","protected":false},"author":6,"featured_media":0,"comment_status":"closed","ping_status":"closed","sticky":false,"template":"","format":"standard","meta":{"_acf_changed":false,"inline_featured_image":false,"footnotes":""},"categories":[1],"tags":[],"class_list":["post-850","post","type-post","status-publish","format-standard","hentry","category-aktuality"],"acf":[],"_links":{"self":[{"href":"https:\/\/www.skolyjesenice.cz\/ss\/wp-json\/wp\/v2\/posts\/850","targetHints":{"allow":["GET"]}}],"collection":[{"href":"https:\/\/www.skolyjesenice.cz\/ss\/wp-json\/wp\/v2\/posts"}],"about":[{"href":"https:\/\/www.skolyjesenice.cz\/ss\/wp-json\/wp\/v2\/types\/post"}],"author":[{"embeddable":true,"href":"https:\/\/www.skolyjesenice.cz\/ss\/wp-json\/wp\/v2\/users\/6"}],"replies":[{"embeddable":true,"href":"https:\/\/www.skolyjesenice.cz\/ss\/wp-json\/wp\/v2\/comments?post=850"}],"version-history":[{"count":1,"href":"https:\/\/www.skolyjesenice.cz\/ss\/wp-json\/wp\/v2\/posts\/850\/revisions"}],"predecessor-version":[{"id":863,"href":"https:\/\/www.skolyjesenice.cz\/ss\/wp-json\/wp\/v2\/posts\/850\/revisions\/863"}],"wp:attachment":[{"href":"https:\/\/www.skolyjesenice.cz\/ss\/wp-json\/wp\/v2\/media?parent=850"}],"wp:term":[{"taxonomy":"category","embeddable":true,"href":"https:\/\/www.skolyjesenice.cz\/ss\/wp-json\/wp\/v2\/categories?post=850"},{"taxonomy":"post_tag","embeddable":true,"href":"https:\/\/www.skolyjesenice.cz\/ss\/wp-json\/wp\/v2\/tags?post=850"}],"curies":[{"name":"wp","href":"https:\/\/api.w.org\/{rel}","templated":true}]}}