{"id":3871,"date":"2026-09-02T20:14:51","date_gmt":"2026-09-02T18:14:51","guid":{"rendered":"https:\/\/www.skolyjesenice.cz\/ss\/?p=3871"},"modified":"2026-09-02T20:39:04","modified_gmt":"2026-09-02T18:39:04","slug":"zahajeni-skolniho-roku-2026-2027","status":"publish","type":"post","link":"https:\/\/www.skolyjesenice.cz\/ss\/2026\/09\/02\/zahajeni-skolniho-roku-2026-2027\/","title":{"rendered":"Adapta\u010dn\u00ed pobyt pro \u017e\u00e1ky 1. ro\u010dn\u00edk\u016f S\u0160"},"content":{"rendered":"<p><span style=\"font-size: 18pt\">Adapta\u010dn\u00ed pobyt se kon\u00e1 <strong>7. &#8211; 9. 9. 2026 v\u00a0are\u00e1lu ATC Jesenice<\/strong>.<\/span><\/p>\n<p>T\u00fdk\u00e1 se v\u0161ech \u017e\u00e1k\u016f prvn\u00edch ro\u010dn\u00edk\u016f.<\/p>\n<p><strong><u>Adapta\u010dn\u00ed kurz je povinn\u00fd!<\/u><\/strong><\/p>\n<p><strong><u>Cena za kurz je 500,- K\u010d, za pron\u00e1jem prostor ATC, ubytov\u00e1n\u00ed, hygienick\u00e9ho za\u0159\u00edzen\u00ed, materi\u00e1l k\u00a0aktivit\u00e1m,<\/u><\/strong><strong> (\u017e\u00e1ci odevzdaj\u00ed tuto \u010d\u00e1stku t\u0159\u00eddn\u00edm u\u010ditel\u016fm p\u0159edem).<\/strong><\/p>\n<p>Stravu zaji\u0161\u0165uje \u0161koln\u00ed stravovac\u00ed za\u0159\u00edzen\u00ed, dov\u00e1\u017eena bude \u0161koln\u00edm automobilem v gastron\u00e1dob\u00e1ch, k dispozici budou e\u0161usy.<\/p>\n<p><strong>\u010c\u00e1stku za stravu (dle platn\u00e9ho cen\u00edku stravovac\u00edho za\u0159\u00edzen\u00ed)zaplat\u00ed \u00fa\u010dastn\u00edci zp\u011btn\u011b po vy\u00fa\u010dtov\u00e1n\u00ed.\u00a0<\/strong><\/p>\n<p><strong>\u00a0<\/strong><\/p>\n<p><strong>\u017d\u00e1ci se sejdou v\u00a0pond\u011bl\u00ed 7. 9. 2026 v\u00a07.30 hod. v\u00a0budov\u011b st\u0159edn\u00ed \u0161koly, odtud pot\u00e9 budou v\u00a08.00 hod.<\/strong> <strong>odch\u00e1zet do ATC Jesenice.<\/strong> <strong>Dohled zaji\u0161\u0165uj\u00ed t\u0159\u00eddn\u00ed u\u010ditel\u00e9 t\u011bchto t\u0159\u00edd a u\u010ditel\u00e9 st\u0159edn\u00ed \u0161koly. <\/strong><\/p>\n<p><strong>\u00a0<\/strong><\/p>\n<p><strong><u>Intern\u00e1tn\u00ed \u017e\u00e1ci<\/u><\/strong> si s sebou vezmou ji\u017e v\u011bci z DM, kter\u00e9 budou pot\u0159ebovat na pobyt a p\u0159enocov\u00e1n\u00ed\u00a0(nocov\u00e1n\u00ed ve stanech, zaji\u0161t\u011bn\u00e9 jsou i n\u011bjak\u00e9 chatky).<\/p>\n<p>Je mo\u017en\u00e9 v\u011bci odv\u00e9zt i \u0161koln\u00edm svozov\u00fdm autem (stany, pot\u0159eby pro kurz a dal\u0161\u00ed objemn\u011bj\u0161\u00ed v\u011bci se ur\u010dit\u011b \u0161koln\u00edm autem povezou).<\/p>\n<p><strong><u>Doch\u00e1zej\u00edc\u00ed a doj\u00ed\u017ed\u011bj\u00edc\u00ed \u017e\u00e1ci<\/u><\/strong> si s sebou vezmou v\u011bci z domova, p\u0159ijdou na 7.30 do budovy S\u0160\u00a0a budou rovn\u011b\u017e odch\u00e1zet v\u00a08.00 hod. do are\u00e1lu ATC Jesenice.<\/p>\n<p><strong>U intern\u00e1tn\u00edch i doch\u00e1zej\u00edc\u00edch \u017e\u00e1k\u016f je v\u00a0obou p\u0159\u00edpadech nutn\u00e9, aby m\u011bli \u017e\u00e1ci s\u00a0sebou<u> L\u00c9KY<\/u>, kter\u00e9 pravideln\u011b u\u017e\u00edvaj\u00ed!<\/strong><\/p>\n<p><strong>\u00a0<\/strong><span style=\"font-size: 14pt\"><strong>Co na adapta\u010dn\u00ed kurz?<\/strong><\/span><\/p>\n<ul>\n<li><strong>Vybaven\u00ed: spac\u00ed pytel, karimatka<\/strong><\/li>\n<li><strong>Od\u011bv: vhodn\u00e9 oble\u010den\u00ed na aktivity venku, na nocov\u00e1n\u00ed ve stanu nebo chatce bez vyt\u00e1p\u011bn\u00ed<\/strong><\/li>\n<\/ul>\n<ul>\n<li><strong>D\u00e1le s\u00a0sebou: hygienick\u00e9 pot\u0159eby, vlastn\u00ed l\u017e\u00edce, hrne\u010dek, psac\u00ed pot\u0159eby, l\u00e9ky, baterka<\/strong><\/li>\n<\/ul>\n<p>Adapta\u010dn\u00ed pobyt bude programov\u011b z\u00e1bavn\u00fd, pestr\u00fd a p\u0159isp\u011bje k sezn\u00e1men\u00ed \u017e\u00e1k\u016f mezi sebou a s pedagogy. \u017d\u00e1ci na tyto dny a z\u00e1\u017eitky r\u00e1di vzpom\u00ednaj\u00ed.<\/p>\n<p>&nbsp;<\/p>\n<p>Hana Vanick\u00e1, \u0159editelka \u0161koly<\/p>\n","protected":false},"excerpt":{"rendered":"<p>Adapta\u010dn\u00ed pobyt se kon\u00e1 7. &#8211; 9. 9. 2026 v\u00a0are\u00e1lu ATC Jesenice. T\u00fdk\u00e1 se v\u0161ech [&hellip;]<\/p>\n","protected":false},"author":4,"featured_media":0,"comment_status":"closed","ping_status":"closed","sticky":false,"template":"","format":"standard","meta":{"_acf_changed":false,"inline_featured_image":false,"footnotes":""},"categories":[1],"tags":[],"class_list":["post-3871","post","type-post","status-publish","format-standard","hentry","category-aktuality"],"acf":[],"_links":{"self":[{"href":"https:\/\/www.skolyjesenice.cz\/ss\/wp-json\/wp\/v2\/posts\/3871","targetHints":{"allow":["GET"]}}],"collection":[{"href":"https:\/\/www.skolyjesenice.cz\/ss\/wp-json\/wp\/v2\/posts"}],"about":[{"href":"https:\/\/www.skolyjesenice.cz\/ss\/wp-json\/wp\/v2\/types\/post"}],"author":[{"embeddable":true,"href":"https:\/\/www.skolyjesenice.cz\/ss\/wp-json\/wp\/v2\/users\/4"}],"replies":[{"embeddable":true,"href":"https:\/\/www.skolyjesenice.cz\/ss\/wp-json\/wp\/v2\/comments?post=3871"}],"version-history":[{"count":6,"href":"https:\/\/www.skolyjesenice.cz\/ss\/wp-json\/wp\/v2\/posts\/3871\/revisions"}],"predecessor-version":[{"id":3886,"href":"https:\/\/www.skolyjesenice.cz\/ss\/wp-json\/wp\/v2\/posts\/3871\/revisions\/3886"}],"wp:attachment":[{"href":"https:\/\/www.skolyjesenice.cz\/ss\/wp-json\/wp\/v2\/media?parent=3871"}],"wp:term":[{"taxonomy":"category","embeddable":true,"href":"https:\/\/www.skolyjesenice.cz\/ss\/wp-json\/wp\/v2\/categories?post=3871"},{"taxonomy":"post_tag","embeddable":true,"href":"https:\/\/www.skolyjesenice.cz\/ss\/wp-json\/wp\/v2\/tags?post=3871"}],"curies":[{"name":"wp","href":"https:\/\/api.w.org\/{rel}","templated":true}]}}