{"id":357,"date":"2023-11-27T14:52:31","date_gmt":"2023-11-27T13:52:31","guid":{"rendered":"https:\/\/www.skolyjesenice.cz\/?p=357"},"modified":"2024-01-09T09:38:59","modified_gmt":"2024-01-09T08:38:59","slug":"gastro-soutez-ricany","status":"publish","type":"post","link":"https:\/\/www.skolyjesenice.cz\/ss\/2023\/11\/27\/gastro-soutez-ricany\/","title":{"rendered":"Gastro sout\u011b\u017e \u0158\u00ed\u010dany"},"content":{"rendered":"<p><img loading=\"lazy\" decoding=\"async\" class=\"alignnone size-full wp-image-358\" src=\"https:\/\/www.skolyjesenice.cz\/wp-content\/uploads\/2024\/01\/IMG-gastro.jpg\" alt=\"Gastro sout\u011b\u017e\" width=\"1536\" height=\"2048\" \/><\/p>\n<p>Na\u0161e \u0161kola se \u00fa\u010dastnila v \u00fater\u00fd 21. 11. 2023 Gastro sout\u011b\u017ee v \u0158\u00ed\u010danech. Sout\u011b\u017ee se \u00fa\u010dastnilo n\u011bkolik obor\u016f \u2013 Cukr\u00e1\u0159, Kucha\u0159 a \u010c\u00ed\u0161n\u00edk. Celkem bylo na sout\u011b\u017ei 9 \u0161kol ze St\u0159edo\u010desk\u00e9ho kraje. Hodnocen\u00ed byla rozd\u011blena do t\u0159ech p\u00e1sem. \u017d\u00e1kyn\u011b Ela a Eli\u0161ka z\u00edskaly 3. m\u00edsto ve st\u0159\u00edbrn\u00e9m p\u00e1smu a tak\u00e9 cenu za kreativitu.<\/p>\n<p style=\"text-align: right;\">Mgr. Martina Tre\u0161lov\u00e1<\/p>\n","protected":false},"excerpt":{"rendered":"<p>Na\u0161e \u0161kola se \u00fa\u010dastnila v \u00fater\u00fd 21. 11. 2023 Gastro sout\u011b\u017ee v \u0158\u00ed\u010danech. Sout\u011b\u017ee se [&hellip;]<\/p>\n","protected":false},"author":1,"featured_media":446,"comment_status":"closed","ping_status":"closed","sticky":false,"template":"","format":"standard","meta":{"_acf_changed":false,"inline_featured_image":false,"footnotes":""},"categories":[1],"tags":[],"class_list":["post-357","post","type-post","status-publish","format-standard","has-post-thumbnail","hentry","category-aktuality"],"acf":[],"_links":{"self":[{"href":"https:\/\/www.skolyjesenice.cz\/ss\/wp-json\/wp\/v2\/posts\/357","targetHints":{"allow":["GET"]}}],"collection":[{"href":"https:\/\/www.skolyjesenice.cz\/ss\/wp-json\/wp\/v2\/posts"}],"about":[{"href":"https:\/\/www.skolyjesenice.cz\/ss\/wp-json\/wp\/v2\/types\/post"}],"author":[{"embeddable":true,"href":"https:\/\/www.skolyjesenice.cz\/ss\/wp-json\/wp\/v2\/users\/1"}],"replies":[{"embeddable":true,"href":"https:\/\/www.skolyjesenice.cz\/ss\/wp-json\/wp\/v2\/comments?post=357"}],"version-history":[{"count":1,"href":"https:\/\/www.skolyjesenice.cz\/ss\/wp-json\/wp\/v2\/posts\/357\/revisions"}],"predecessor-version":[{"id":447,"href":"https:\/\/www.skolyjesenice.cz\/ss\/wp-json\/wp\/v2\/posts\/357\/revisions\/447"}],"wp:featuredmedia":[{"embeddable":true,"href":"https:\/\/www.skolyjesenice.cz\/ss\/wp-json\/wp\/v2\/media\/446"}],"wp:attachment":[{"href":"https:\/\/www.skolyjesenice.cz\/ss\/wp-json\/wp\/v2\/media?parent=357"}],"wp:term":[{"taxonomy":"category","embeddable":true,"href":"https:\/\/www.skolyjesenice.cz\/ss\/wp-json\/wp\/v2\/categories?post=357"},{"taxonomy":"post_tag","embeddable":true,"href":"https:\/\/www.skolyjesenice.cz\/ss\/wp-json\/wp\/v2\/tags?post=357"}],"curies":[{"name":"wp","href":"https:\/\/api.w.org\/{rel}","templated":true}]}}