{"id":354,"date":"2023-11-26T14:51:16","date_gmt":"2023-11-26T13:51:16","guid":{"rendered":"https:\/\/www.skolyjesenice.cz\/?p=354"},"modified":"2024-01-09T09:37:31","modified_gmt":"2024-01-09T08:37:31","slug":"veletrh-2024-louny","status":"publish","type":"post","link":"https:\/\/www.skolyjesenice.cz\/ss\/2023\/11\/26\/veletrh-2024-louny\/","title":{"rendered":"Veletrh 2024 Louny"},"content":{"rendered":"<p><img loading=\"lazy\" decoding=\"async\" class=\"alignnone size-full wp-image-355\" src=\"https:\/\/www.skolyjesenice.cz\/wp-content\/uploads\/2024\/01\/info-1920-855.jpg\" alt=\"Image\" width=\"1920\" height=\"855\" \/><\/p>\n<p>Dne 22. 11. 2023 jsme se z\u00fa\u010dastnili propaga\u010dn\u00ed v\u00fdstavy Vzd\u011bl\u00e1v\u00e1n\u00ed 2024 v prostor\u00e1ch Obchodn\u00ed akademie a St\u0159edn\u00ed odborn\u00e9 \u0161koly gen. Franti\u0161ka Fajtla v Lounech. St\u0159edn\u00ed \u0161koly z \u00dasteck\u00e9ho a St\u0159edo\u010desk\u00e9ho kraje zde poskytly informace ohledn\u011b studia v otev\u00edran\u00fdch studijn\u00edch a u\u010debn\u00edch oborech. V\u00fdstava byla spojena s praktick\u00fdmi uk\u00e1zkami \u017e\u00e1k\u016f.<\/p>\n<p style=\"text-align: right;\">Petr Katona<\/p>\n","protected":false},"excerpt":{"rendered":"<p>Dne 22. 11. 2023 jsme se z\u00fa\u010dastnili propaga\u010dn\u00ed v\u00fdstavy Vzd\u011bl\u00e1v\u00e1n\u00ed 2024 v prostor\u00e1ch Obchodn\u00ed akademie [&hellip;]<\/p>\n","protected":false},"author":1,"featured_media":445,"comment_status":"closed","ping_status":"closed","sticky":false,"template":"","format":"standard","meta":{"_acf_changed":false,"inline_featured_image":false,"footnotes":""},"categories":[1],"tags":[],"class_list":["post-354","post","type-post","status-publish","format-standard","has-post-thumbnail","hentry","category-aktuality"],"acf":[],"_links":{"self":[{"href":"https:\/\/www.skolyjesenice.cz\/ss\/wp-json\/wp\/v2\/posts\/354","targetHints":{"allow":["GET"]}}],"collection":[{"href":"https:\/\/www.skolyjesenice.cz\/ss\/wp-json\/wp\/v2\/posts"}],"about":[{"href":"https:\/\/www.skolyjesenice.cz\/ss\/wp-json\/wp\/v2\/types\/post"}],"author":[{"embeddable":true,"href":"https:\/\/www.skolyjesenice.cz\/ss\/wp-json\/wp\/v2\/users\/1"}],"replies":[{"embeddable":true,"href":"https:\/\/www.skolyjesenice.cz\/ss\/wp-json\/wp\/v2\/comments?post=354"}],"version-history":[{"count":1,"href":"https:\/\/www.skolyjesenice.cz\/ss\/wp-json\/wp\/v2\/posts\/354\/revisions"}],"predecessor-version":[{"id":444,"href":"https:\/\/www.skolyjesenice.cz\/ss\/wp-json\/wp\/v2\/posts\/354\/revisions\/444"}],"wp:featuredmedia":[{"embeddable":true,"href":"https:\/\/www.skolyjesenice.cz\/ss\/wp-json\/wp\/v2\/media\/445"}],"wp:attachment":[{"href":"https:\/\/www.skolyjesenice.cz\/ss\/wp-json\/wp\/v2\/media?parent=354"}],"wp:term":[{"taxonomy":"category","embeddable":true,"href":"https:\/\/www.skolyjesenice.cz\/ss\/wp-json\/wp\/v2\/categories?post=354"},{"taxonomy":"post_tag","embeddable":true,"href":"https:\/\/www.skolyjesenice.cz\/ss\/wp-json\/wp\/v2\/tags?post=354"}],"curies":[{"name":"wp","href":"https:\/\/api.w.org\/{rel}","templated":true}]}}