{"id":345,"date":"2023-11-10T14:43:45","date_gmt":"2023-11-10T13:43:45","guid":{"rendered":"https:\/\/www.skolyjesenice.cz\/?p=345"},"modified":"2024-01-09T09:34:42","modified_gmt":"2024-01-09T08:34:42","slug":"botanicka-zahrada-praha","status":"publish","type":"post","link":"https:\/\/www.skolyjesenice.cz\/ss\/2023\/11\/10\/botanicka-zahrada-praha\/","title":{"rendered":"Botanick\u00e1 zahrada Praha"},"content":{"rendered":"<p><img loading=\"lazy\" decoding=\"async\" class=\"alignnone size-full wp-image-346\" src=\"https:\/\/www.skolyjesenice.cz\/wp-content\/uploads\/2024\/01\/20231109_114601.jpg\" alt=\"Botanick\u00e1 zahrada Praha \" width=\"1000\" height=\"563\" \/><\/p>\n<p>\u017d\u00e1ci st\u0159edn\u00ed \u0161koly oboru Zahradn\u00edk nav\u0161t\u00edvili dne 9. 11. 2023 Pra\u017eskou botanickou zahradu na malebn\u00e9 str\u00e1ni v Troji. \u017d\u00e1ci si pro\u0161li venkovn\u00ed expozici, kter\u00e1 nab\u00edz\u00ed 15 000 druh\u016f strom\u016f a kv\u011btin. Prohl\u00e9dli si medita\u010dn\u00ed Japonskou zahradu rozz\u00e1\u0159enou pestrobarevn\u00fdmi listy japonsk\u00fdch javor\u016f. Nav\u0161t\u00edvili tropick\u00fd sklen\u00edk Fata Morgana. Interi\u00e9r sklen\u00edku je rozd\u011blen do t\u0159\u00ed samostatn\u00fdch \u010d\u00e1st\u00ed s rozd\u00edlnou teplotou a vlhkost\u00ed vzduchu, ve kter\u00e9 se \u017e\u00e1ci postupn\u011b sezn\u00e1mili s rostlinstvem tropick\u00e9ho a \u010d\u00e1ste\u010dn\u011b i subtropick\u00e9ho klimatick\u00e9ho p\u00e1sma. Poznali exotick\u00e9 skvosty tropick\u00fdch de\u0161tn\u00fdch les\u016f, vysokohorsk\u00e9ho ml\u017en\u00e9ho lesa a nejsu\u0161\u0161\u00edch oblast\u00ed sv\u011bta. Modern\u00ed botanick\u00e1 zahrada je na \u00farovni sv\u011btov\u00fdch standard\u016f, ale zejm\u00e9na m\u00edstem, kam se budete r\u00e1di vracet a tr\u00e1vit zde sv\u016fj voln\u00fd \u010das. \u017d\u00e1k\u016fm se botanick\u00e1 zahrada moc l\u00edbila.<\/p>\n<p style=\"text-align: right;\">V\u00e1clav Nachtigal, Ilona Kinsk\u00e1<\/p>\n<p><a href=\"https:\/\/www.rajce.idnes.cz\/zmap\/album\/botanicka-zahrada-praha-2023\">Fotografie<\/a><\/p>\n","protected":false},"excerpt":{"rendered":"<p>\u017d\u00e1ci st\u0159edn\u00ed \u0161koly oboru Zahradn\u00edk nav\u0161t\u00edvili dne 9. 11. 2023 Pra\u017eskou botanickou zahradu na malebn\u00e9 [&hellip;]<\/p>\n","protected":false},"author":1,"featured_media":438,"comment_status":"closed","ping_status":"closed","sticky":false,"template":"","format":"standard","meta":{"_acf_changed":false,"inline_featured_image":false,"footnotes":""},"categories":[1],"tags":[],"class_list":["post-345","post","type-post","status-publish","format-standard","has-post-thumbnail","hentry","category-aktuality"],"acf":[],"_links":{"self":[{"href":"https:\/\/www.skolyjesenice.cz\/ss\/wp-json\/wp\/v2\/posts\/345","targetHints":{"allow":["GET"]}}],"collection":[{"href":"https:\/\/www.skolyjesenice.cz\/ss\/wp-json\/wp\/v2\/posts"}],"about":[{"href":"https:\/\/www.skolyjesenice.cz\/ss\/wp-json\/wp\/v2\/types\/post"}],"author":[{"embeddable":true,"href":"https:\/\/www.skolyjesenice.cz\/ss\/wp-json\/wp\/v2\/users\/1"}],"replies":[{"embeddable":true,"href":"https:\/\/www.skolyjesenice.cz\/ss\/wp-json\/wp\/v2\/comments?post=345"}],"version-history":[{"count":1,"href":"https:\/\/www.skolyjesenice.cz\/ss\/wp-json\/wp\/v2\/posts\/345\/revisions"}],"predecessor-version":[{"id":439,"href":"https:\/\/www.skolyjesenice.cz\/ss\/wp-json\/wp\/v2\/posts\/345\/revisions\/439"}],"wp:featuredmedia":[{"embeddable":true,"href":"https:\/\/www.skolyjesenice.cz\/ss\/wp-json\/wp\/v2\/media\/438"}],"wp:attachment":[{"href":"https:\/\/www.skolyjesenice.cz\/ss\/wp-json\/wp\/v2\/media?parent=345"}],"wp:term":[{"taxonomy":"category","embeddable":true,"href":"https:\/\/www.skolyjesenice.cz\/ss\/wp-json\/wp\/v2\/categories?post=345"},{"taxonomy":"post_tag","embeddable":true,"href":"https:\/\/www.skolyjesenice.cz\/ss\/wp-json\/wp\/v2\/tags?post=345"}],"curies":[{"name":"wp","href":"https:\/\/api.w.org\/{rel}","templated":true}]}}