{"id":342,"date":"2023-10-17T14:41:28","date_gmt":"2023-10-17T12:41:28","guid":{"rendered":"https:\/\/www.skolyjesenice.cz\/?p=342"},"modified":"2024-01-09T09:33:57","modified_gmt":"2024-01-09T08:33:57","slug":"navsteva-opevneni-z-roku-1938","status":"publish","type":"post","link":"https:\/\/www.skolyjesenice.cz\/ss\/2023\/10\/17\/navsteva-opevneni-z-roku-1938\/","title":{"rendered":"N\u00e1v\u0161t\u011bva opevn\u011bn\u00ed z roku 1938"},"content":{"rendered":"<p><img loading=\"lazy\" decoding=\"async\" class=\"alignnone size-full wp-image-343\" src=\"https:\/\/www.skolyjesenice.cz\/wp-content\/uploads\/2024\/01\/IMG_20230926_170640-scaled.jpg\" alt=\"Opevn\u011bn\u00ed z roku 1938 \" width=\"2560\" height=\"1440\" \/><\/p>\n<p>V souvislosti s 85. v\u00fdro\u010d\u00edm mobilizace \u010ceskoslovensk\u00e9 arm\u00e1dy, kter\u00e1 byla provedena dne 23. z\u00e1\u0159\u00ed 1938, nav\u0161t\u00edvili \u017e\u00e1ci \u2013 \u010dlenov\u00e9 vojensko-historick\u00e9ho ateli\u00e9ru domova ml\u00e1de\u017ee, v \u00fater\u00fd 26. z\u00e1\u0159\u00ed, p\u0159edv\u00e1le\u010dn\u00e9 \u010deskoslovensk\u00e9 opevn\u011bn\u00ed na tzv. Lubeneck\u00e9 \u010d\u00e1\u0159e v kat. obc\u00ed Kra\u010d\u00edn a V\u00edtkovice. Z\u00fa\u010dastn\u011bn\u00fdm \u017e\u00e1k\u016fm byl vysv\u011btlen \u00fa\u010del a smysl v\u00fdstavby tohoto opevn\u011bn\u00ed, v\u00fdhody souvisl\u00e9 linie tohoto typu opevn\u011bn\u00ed, p\u0159i\u010dem\u017e tento typ bunkr\u016f byl zna\u010den\u00fd jako LO vz. 37, pro n\u011b\u017e zlidov\u011bl v\u00fdraz &#8222;\u0159op\u00edky&#8220;. Rovn\u011b\u017e se od vedouc\u00edho ateli\u00e9ru \u017e\u00e1ci dozv\u011bd\u011bli o odhodl\u00e1n\u00ed na\u0161ich voj\u00e1k\u016f a p\u0159\u00edslu\u0161n\u00edk\u016f Str\u00e1\u017ee obrany st\u00e1tu h\u00e1jit v roce 1938 svobodu a svrchovanost sv\u00e9 zem\u011b. Stejn\u011b tak o potupn\u00e9 zrad\u011b tehdej\u0161\u00edch evropsk\u00fdch mocnost\u00ed, kter\u00e9 iniciovaly tzv. Mnichovskou dohodu a nadiktovaly, aby ji na\u0161e republika p\u0159ijala.<\/p>\n<p style=\"text-align: right;\">Ren\u00e9 \u010cern\u00fd, vedouc\u00ed vojensko-historick\u00e9ho ateli\u00e9ru p\u0159i DM<\/p>\n","protected":false},"excerpt":{"rendered":"<p>V souvislosti s 85. v\u00fdro\u010d\u00edm mobilizace \u010ceskoslovensk\u00e9 arm\u00e1dy, kter\u00e1 byla provedena dne 23. z\u00e1\u0159\u00ed 1938, [&hellip;]<\/p>\n","protected":false},"author":1,"featured_media":436,"comment_status":"closed","ping_status":"closed","sticky":false,"template":"","format":"standard","meta":{"_acf_changed":false,"inline_featured_image":false,"footnotes":""},"categories":[1],"tags":[],"class_list":["post-342","post","type-post","status-publish","format-standard","has-post-thumbnail","hentry","category-aktuality"],"acf":[],"_links":{"self":[{"href":"https:\/\/www.skolyjesenice.cz\/ss\/wp-json\/wp\/v2\/posts\/342","targetHints":{"allow":["GET"]}}],"collection":[{"href":"https:\/\/www.skolyjesenice.cz\/ss\/wp-json\/wp\/v2\/posts"}],"about":[{"href":"https:\/\/www.skolyjesenice.cz\/ss\/wp-json\/wp\/v2\/types\/post"}],"author":[{"embeddable":true,"href":"https:\/\/www.skolyjesenice.cz\/ss\/wp-json\/wp\/v2\/users\/1"}],"replies":[{"embeddable":true,"href":"https:\/\/www.skolyjesenice.cz\/ss\/wp-json\/wp\/v2\/comments?post=342"}],"version-history":[{"count":1,"href":"https:\/\/www.skolyjesenice.cz\/ss\/wp-json\/wp\/v2\/posts\/342\/revisions"}],"predecessor-version":[{"id":437,"href":"https:\/\/www.skolyjesenice.cz\/ss\/wp-json\/wp\/v2\/posts\/342\/revisions\/437"}],"wp:featuredmedia":[{"embeddable":true,"href":"https:\/\/www.skolyjesenice.cz\/ss\/wp-json\/wp\/v2\/media\/436"}],"wp:attachment":[{"href":"https:\/\/www.skolyjesenice.cz\/ss\/wp-json\/wp\/v2\/media?parent=342"}],"wp:term":[{"taxonomy":"category","embeddable":true,"href":"https:\/\/www.skolyjesenice.cz\/ss\/wp-json\/wp\/v2\/categories?post=342"},{"taxonomy":"post_tag","embeddable":true,"href":"https:\/\/www.skolyjesenice.cz\/ss\/wp-json\/wp\/v2\/tags?post=342"}],"curies":[{"name":"wp","href":"https:\/\/api.w.org\/{rel}","templated":true}]}}