{"id":338,"date":"2023-10-16T14:39:50","date_gmt":"2023-10-16T12:39:50","guid":{"rendered":"https:\/\/www.skolyjesenice.cz\/?p=338"},"modified":"2024-01-09T09:32:50","modified_gmt":"2024-01-09T08:32:50","slug":"veletrh-vzdelavani-2023-kladno","status":"publish","type":"post","link":"https:\/\/www.skolyjesenice.cz\/ss\/2023\/10\/16\/veletrh-vzdelavani-2023-kladno\/","title":{"rendered":"Veletrh vzd\u011bl\u00e1v\u00e1n\u00ed 2023 Kladno"},"content":{"rendered":"<p><img loading=\"lazy\" decoding=\"async\" class=\"alignnone size-full wp-image-339\" src=\"https:\/\/www.skolyjesenice.cz\/wp-content\/uploads\/2024\/01\/Veletrh_vzdlvn_2023_Kladno.jpg\" alt=\"Veletrh vzd\u011bl\u00e1v\u00e1n\u00ed 2023 Kladno \" width=\"2000\" height=\"1496\" \/><\/p>\n<p>Ve dnech 10. a 11. \u0159\u00edjna 2023 po\u0159\u00e1dal D\u016fm kultury Kladno a Statut\u00e1rn\u00ed m\u011bsto Kladno 26. ro\u010dn\u00edk Veletrhu vzd\u011bl\u00e1v\u00e1n\u00ed v prostor\u00e1ch Domova kultury Kladno na S\u00edtn\u00e9. Na\u0161e \u0161kola prezentovala v\u00fdstavou pr\u00e1ci na\u0161ich \u017e\u00e1k\u016f a nab\u00edzela obory vzd\u011bl\u00e1v\u00e1n\u00ed na St\u0159edn\u00ed \u0161kole a Z\u00e1kladn\u00ed \u0161kole v Jesenici, p\u0159\u00edsp\u011bvkov\u00e9 organizaci. Veletrhu se z\u00fa\u010dastnilo 37 vystavovatel\u016f. \u017d\u00e1ci z\u00e1kladn\u00edch \u0161kol se dozv\u011bd\u011bli, co dan\u00e9 povol\u00e1n\u00ed obn\u00e1\u0161\u00ed, kdo jej m\u016f\u017ee vykon\u00e1vat, jak vypad\u00e1 konkr\u00e9tn\u00ed pracovn\u00ed n\u00e1pl\u0148. A pr\u00e1v\u011b to jim mohlo pomoci p\u0159i v\u00fdb\u011bru \u0161koly a budouc\u00edho studijn\u00edho oboru. Akce byla ur\u010dena nejen \u017e\u00e1k\u016fm z\u00e1kladn\u00edch \u0161kol, ale i rodi\u010d\u016fm, absolvent\u016fm st\u0159edn\u00edch \u0161kol a \u0161irok\u00e9 ve\u0159ejnosti.<\/p>\n<p style=\"text-align: right;\">Petr Katona<\/p>\n","protected":false},"excerpt":{"rendered":"<p>Ve dnech 10. a 11. \u0159\u00edjna 2023 po\u0159\u00e1dal D\u016fm kultury Kladno a Statut\u00e1rn\u00ed m\u011bsto Kladno [&hellip;]<\/p>\n","protected":false},"author":1,"featured_media":434,"comment_status":"closed","ping_status":"closed","sticky":false,"template":"","format":"standard","meta":{"_acf_changed":false,"inline_featured_image":false,"footnotes":""},"categories":[1],"tags":[],"class_list":["post-338","post","type-post","status-publish","format-standard","has-post-thumbnail","hentry","category-aktuality"],"acf":[],"_links":{"self":[{"href":"https:\/\/www.skolyjesenice.cz\/ss\/wp-json\/wp\/v2\/posts\/338","targetHints":{"allow":["GET"]}}],"collection":[{"href":"https:\/\/www.skolyjesenice.cz\/ss\/wp-json\/wp\/v2\/posts"}],"about":[{"href":"https:\/\/www.skolyjesenice.cz\/ss\/wp-json\/wp\/v2\/types\/post"}],"author":[{"embeddable":true,"href":"https:\/\/www.skolyjesenice.cz\/ss\/wp-json\/wp\/v2\/users\/1"}],"replies":[{"embeddable":true,"href":"https:\/\/www.skolyjesenice.cz\/ss\/wp-json\/wp\/v2\/comments?post=338"}],"version-history":[{"count":1,"href":"https:\/\/www.skolyjesenice.cz\/ss\/wp-json\/wp\/v2\/posts\/338\/revisions"}],"predecessor-version":[{"id":435,"href":"https:\/\/www.skolyjesenice.cz\/ss\/wp-json\/wp\/v2\/posts\/338\/revisions\/435"}],"wp:featuredmedia":[{"embeddable":true,"href":"https:\/\/www.skolyjesenice.cz\/ss\/wp-json\/wp\/v2\/media\/434"}],"wp:attachment":[{"href":"https:\/\/www.skolyjesenice.cz\/ss\/wp-json\/wp\/v2\/media?parent=338"}],"wp:term":[{"taxonomy":"category","embeddable":true,"href":"https:\/\/www.skolyjesenice.cz\/ss\/wp-json\/wp\/v2\/categories?post=338"},{"taxonomy":"post_tag","embeddable":true,"href":"https:\/\/www.skolyjesenice.cz\/ss\/wp-json\/wp\/v2\/tags?post=338"}],"curies":[{"name":"wp","href":"https:\/\/api.w.org\/{rel}","templated":true}]}}