{"id":3362,"date":"2026-04-24T06:52:18","date_gmt":"2026-04-24T04:52:18","guid":{"rendered":"https:\/\/www.skolyjesenice.cz\/ss\/?p=3362"},"modified":"2026-04-30T06:57:33","modified_gmt":"2026-04-30T04:57:33","slug":"den-zeme","status":"publish","type":"post","link":"https:\/\/www.skolyjesenice.cz\/ss\/2026\/04\/24\/den-zeme\/","title":{"rendered":"Den Zem\u011b"},"content":{"rendered":"<p style=\"text-align: justify\">Den Zem\u011b se na cel\u00e9m sv\u011bte slav\u00ed 22. dubna. I na\u0161e \u0161kola, s \u017e\u00e1ky nap\u0159\u00ed\u010d u\u010debn\u00edmi obory, si tento v\u00fdznamn\u00fd den p\u0159ipomn\u011bla. Formou jednoduch\u00fdch her, sout\u011b\u017e\u00ed, v\u011bdomostn\u00edch kv\u00edz\u016f a kreativn\u00ed \u010dinnosti jsme spole\u010dn\u011b s \u017e\u00e1ky pro\u017eili velice zaj\u00edmav\u00e9 dopoledne. Studenti byli rozd\u011bleni do men\u0161\u00edch skupinek, kdy nejv\u00edce bod\u016f z\u00edskalo dru\u017estvo Pizzu\u0161ky, kter\u00e9 si zaslou\u017een\u011b odneslo ocen\u011bn\u00ed prvn\u00edho m\u00edsta.<\/p>\n<p style=\"text-align: justify\">Cel\u00e1 akce se vyda\u0159ila nad o\u010dek\u00e1v\u00e1n\u00ed a v\u011b\u0159\u00edme, \u017ee se stane jednou z t\u011bch, kterou budeme ka\u017edoro\u010dn\u011b opakovat.<\/p>\n<p>Ing. Kate\u0159ina Nov\u00e1\u010dkov\u00e1<\/p>\n<p><img loading=\"lazy\" decoding=\"async\" class=\" wp-image-3363 aligncenter\" src=\"http:\/\/www.skolyjesenice.cz\/ss\/wp-content\/uploads\/sites\/2\/2026\/04\/2026-04-30-at-06.43.49-216x300.jpeg\" alt=\"\" width=\"894\" height=\"1242\" srcset=\"https:\/\/www.skolyjesenice.cz\/ss\/wp-content\/uploads\/sites\/2\/2026\/04\/2026-04-30-at-06.43.49-216x300.jpeg 216w, https:\/\/www.skolyjesenice.cz\/ss\/wp-content\/uploads\/sites\/2\/2026\/04\/2026-04-30-at-06.43.49-768x1068.jpeg 768w, https:\/\/www.skolyjesenice.cz\/ss\/wp-content\/uploads\/sites\/2\/2026\/04\/2026-04-30-at-06.43.49.jpeg 1323w\" sizes=\"auto, (max-width: 894px) 100vw, 894px\" \/><\/p>\n<p>&nbsp;<\/p>\n","protected":false},"excerpt":{"rendered":"<p>Den Zem\u011b se na cel\u00e9m sv\u011bte slav\u00ed 22. dubna. I na\u0161e \u0161kola, s \u017e\u00e1ky nap\u0159\u00ed\u010d [&hellip;]<\/p>\n","protected":false},"author":6,"featured_media":0,"comment_status":"closed","ping_status":"closed","sticky":false,"template":"","format":"standard","meta":{"_acf_changed":false,"inline_featured_image":false,"footnotes":""},"categories":[1],"tags":[],"class_list":["post-3362","post","type-post","status-publish","format-standard","hentry","category-aktuality"],"acf":[],"_links":{"self":[{"href":"https:\/\/www.skolyjesenice.cz\/ss\/wp-json\/wp\/v2\/posts\/3362","targetHints":{"allow":["GET"]}}],"collection":[{"href":"https:\/\/www.skolyjesenice.cz\/ss\/wp-json\/wp\/v2\/posts"}],"about":[{"href":"https:\/\/www.skolyjesenice.cz\/ss\/wp-json\/wp\/v2\/types\/post"}],"author":[{"embeddable":true,"href":"https:\/\/www.skolyjesenice.cz\/ss\/wp-json\/wp\/v2\/users\/6"}],"replies":[{"embeddable":true,"href":"https:\/\/www.skolyjesenice.cz\/ss\/wp-json\/wp\/v2\/comments?post=3362"}],"version-history":[{"count":2,"href":"https:\/\/www.skolyjesenice.cz\/ss\/wp-json\/wp\/v2\/posts\/3362\/revisions"}],"predecessor-version":[{"id":3365,"href":"https:\/\/www.skolyjesenice.cz\/ss\/wp-json\/wp\/v2\/posts\/3362\/revisions\/3365"}],"wp:attachment":[{"href":"https:\/\/www.skolyjesenice.cz\/ss\/wp-json\/wp\/v2\/media?parent=3362"}],"wp:term":[{"taxonomy":"category","embeddable":true,"href":"https:\/\/www.skolyjesenice.cz\/ss\/wp-json\/wp\/v2\/categories?post=3362"},{"taxonomy":"post_tag","embeddable":true,"href":"https:\/\/www.skolyjesenice.cz\/ss\/wp-json\/wp\/v2\/tags?post=3362"}],"curies":[{"name":"wp","href":"https:\/\/api.w.org\/{rel}","templated":true}]}}