{"id":331,"date":"2023-09-20T14:36:25","date_gmt":"2023-09-20T12:36:25","guid":{"rendered":"https:\/\/www.skolyjesenice.cz\/?p=331"},"modified":"2024-01-09T09:31:02","modified_gmt":"2024-01-09T08:31:02","slug":"fablab-university-kamion","status":"publish","type":"post","link":"https:\/\/www.skolyjesenice.cz\/ss\/2023\/09\/20\/fablab-university-kamion\/","title":{"rendered":"FabLab University kamion"},"content":{"rendered":"<p><img loading=\"lazy\" decoding=\"async\" class=\"alignnone size-full wp-image-333\" src=\"https:\/\/www.skolyjesenice.cz\/wp-content\/uploads\/2023\/09\/FabLab_kamion-scaled.jpg\" alt=\"\" width=\"2560\" height=\"1707\" \/><br \/>\nVe st\u0159edu 20. 9. 2023 k n\u00e1m zav\u00edtal FabLab University kamion, co\u017e je n\u00e1v\u011bs, kter\u00fd se po zaparkov\u00e1n\u00ed prom\u011bn\u00ed v d\u00edlnu plnou modern\u00edch v\u00fdrobn\u00edch stroj\u016f. \u017d\u00e1k\u016fm z\u00e1kladn\u00ed a st\u0159edn\u00ed \u0161koly m\u011bl mo\u017enost nab\u00eddnout praktick\u00e9 uk\u00e1zky v oblasti digit\u00e1ln\u00edch v\u00fdrobn\u00edch technologi\u00ed. \u017d\u00e1ci se tak dozv\u011bd\u011bli aktu\u00e1ln\u00ed informace o modern\u00ed v\u00fdrob\u011b a prototypov\u00e1n\u00ed, ale tak\u00e9 si v\u0161echny stroje mohli vyzkou\u0161et a n\u011bco si na nich vyrobit. Nap\u0159\u00edklad si pomoc\u00ed po\u010d\u00edta\u010dov\u00e9ho programu vyrobili kl\u00ed\u010denku se sv\u00fdm jm\u00e9nem a n\u00e1sledn\u011b si ji vytiskli na 3D tisk\u00e1rn\u011b. Cel\u00fd den byl tak kamion v are\u00e1lu u domova ml\u00e1de\u017ee p\u0159ed d\u00edlnami oboru Zahradn\u00edk a Zem\u011bd\u011blec. Prvn\u00ed skupinou, kter\u00e1 nav\u0161t\u00edvila kamion, byla slo\u017eena z \u017e\u00e1k\u016f z\u00e1kladn\u00ed \u0161koly prvn\u00edho a druh\u00e9ho stupn\u011b, druh\u00e1 a t\u0159et\u00ed skupina byla slo\u017eena z \u017e\u00e1k\u016f st\u0159edn\u00ed \u0161koly. B\u011bhem dopoledne se objevil, jako mal\u00e9 p\u0159ekvapen\u00ed, z\u00e1stupce za Ministerstvo pr\u016fmyslu a obchodu. Ministerstvo pr\u016fmyslu a obchodu podporuje tento projekt, a druhou mo\u017enost\u00ed, jak se sezn\u00e1mit s nov\u00fdmi technologiemi je\u0161t\u011b jin\u00fdm zp\u016fsobem, bylo bli\u017e\u0161\u00ed pozn\u00e1n\u00ed a fungov\u00e1n\u00ed elektromobilu. \u017d\u00e1ci do vozu mohli nastoupit, n\u011bkter\u00e9 v\u011bci ve vozu si vyzkou\u0161et, vyfotit si, zeptat se na dotazy, kter\u00e9 je zaj\u00edmali. Po t\u0159ech skupin\u00e1ch \u017e\u00e1k\u016f m\u011bli i pedagogov\u00e9 mo\u017enost se aktivit v kamionu z\u00fa\u010dastnit a dozv\u011bd\u011bt se tak\u00e9 n\u011bco nov\u00e9ho ve v\u00fdrobn\u00edch technologi\u00edch. V budoucnu by se cht\u011bla \u0161kola i nad\u00e1le z\u00fa\u010dast\u0148ovat podobn\u00fdch aktivit a projekt\u016f tohoto zam\u011b\u0159en\u00ed.<\/p>\n<p style=\"text-align: right;\">Mgr. Ren\u00e1ta J\u00edlkov\u00e1, Z\u0158\u0160<\/p>\n<p><a href=\"https:\/\/www.rajce.idnes.cz\/zmap\/album\/fablab-university-kamion-2023\" target=\"_blank\" rel=\"noopener\">Fotografie<\/a><\/p>\n","protected":false},"excerpt":{"rendered":"<p>Ve st\u0159edu 20. 9. 2023 k n\u00e1m zav\u00edtal FabLab University kamion, co\u017e je n\u00e1v\u011bs, kter\u00fd [&hellip;]<\/p>\n","protected":false},"author":1,"featured_media":430,"comment_status":"closed","ping_status":"closed","sticky":false,"template":"","format":"standard","meta":{"_acf_changed":false,"inline_featured_image":false,"footnotes":""},"categories":[1],"tags":[],"class_list":["post-331","post","type-post","status-publish","format-standard","has-post-thumbnail","hentry","category-aktuality"],"acf":[],"_links":{"self":[{"href":"https:\/\/www.skolyjesenice.cz\/ss\/wp-json\/wp\/v2\/posts\/331","targetHints":{"allow":["GET"]}}],"collection":[{"href":"https:\/\/www.skolyjesenice.cz\/ss\/wp-json\/wp\/v2\/posts"}],"about":[{"href":"https:\/\/www.skolyjesenice.cz\/ss\/wp-json\/wp\/v2\/types\/post"}],"author":[{"embeddable":true,"href":"https:\/\/www.skolyjesenice.cz\/ss\/wp-json\/wp\/v2\/users\/1"}],"replies":[{"embeddable":true,"href":"https:\/\/www.skolyjesenice.cz\/ss\/wp-json\/wp\/v2\/comments?post=331"}],"version-history":[{"count":2,"href":"https:\/\/www.skolyjesenice.cz\/ss\/wp-json\/wp\/v2\/posts\/331\/revisions"}],"predecessor-version":[{"id":431,"href":"https:\/\/www.skolyjesenice.cz\/ss\/wp-json\/wp\/v2\/posts\/331\/revisions\/431"}],"wp:featuredmedia":[{"embeddable":true,"href":"https:\/\/www.skolyjesenice.cz\/ss\/wp-json\/wp\/v2\/media\/430"}],"wp:attachment":[{"href":"https:\/\/www.skolyjesenice.cz\/ss\/wp-json\/wp\/v2\/media?parent=331"}],"wp:term":[{"taxonomy":"category","embeddable":true,"href":"https:\/\/www.skolyjesenice.cz\/ss\/wp-json\/wp\/v2\/categories?post=331"},{"taxonomy":"post_tag","embeddable":true,"href":"https:\/\/www.skolyjesenice.cz\/ss\/wp-json\/wp\/v2\/tags?post=331"}],"curies":[{"name":"wp","href":"https:\/\/api.w.org\/{rel}","templated":true}]}}