{"id":3251,"date":"2026-04-27T18:32:08","date_gmt":"2026-04-27T16:32:08","guid":{"rendered":"https:\/\/www.skolyjesenice.cz\/ss\/?p=3251"},"modified":"2026-04-27T18:32:08","modified_gmt":"2026-04-27T16:32:08","slug":"den-zeme-na-domove-mladeze","status":"publish","type":"post","link":"https:\/\/www.skolyjesenice.cz\/ss\/2026\/04\/27\/den-zeme-na-domove-mladeze\/","title":{"rendered":"Den Zem\u011b na domov\u011b ml\u00e1de\u017ee"},"content":{"rendered":"<p style=\"text-align: justify\">Na domov\u011b ml\u00e1de\u017ee jsme ve \u010dtvrtek 23. dubna Den Zem\u011b oslavili smyslupln\u011b a hlavn\u011b aktivn\u011b. Spole\u010dn\u011b jsme se zapojili do o\u010disty are\u00e1lu i bl\u00edzk\u00e9ho okol\u00ed. \u017d\u00e1ci, vybaveni rukavicemi a pytli na odpad, se do \u00faklidu pustili s dobrou n\u00e1ladou a byli p\u0159ekvapeni, kolik \u201epoklad\u016f\u201c v are\u00e1lu domova ml\u00e1de\u017ee na\u0161li. Krom\u011b samotn\u00e9ho \u00faklidu jsme si pov\u00eddali o v\u00fdznamu Dne Zem\u011b a o tom, jak m\u016f\u017ee ka\u017ed\u00fd z\u00a0n\u00e1s p\u0159isp\u011bt k\u00a0ochran\u011b planety.<\/p>\n<p style=\"text-align: justify\">Cel\u00e1 akce prob\u00edhala v\u00a0p\u0159\u00e1telsk\u00e9 atmosf\u00e9\u0159e a p\u0159inesla nejen dobr\u00fd pocit z\u00a0vykonan\u00e9 pr\u00e1ce, ale pos\u00edlila se i spolupr\u00e1ce mezi \u017e\u00e1ky.<\/p>\n<p style=\"text-align: justify\">Kolektiv vychovatel\u016f DM<\/p>\n<p><img loading=\"lazy\" decoding=\"async\" class=\"alignleft  wp-image-3254\" src=\"http:\/\/www.skolyjesenice.cz\/ss\/wp-content\/uploads\/sites\/2\/2026\/04\/1000014484-226x300.jpg\" alt=\"\" width=\"712\" height=\"945\" srcset=\"https:\/\/www.skolyjesenice.cz\/ss\/wp-content\/uploads\/sites\/2\/2026\/04\/1000014484-226x300.jpg 226w, https:\/\/www.skolyjesenice.cz\/ss\/wp-content\/uploads\/sites\/2\/2026\/04\/1000014484.jpg 753w\" sizes=\"auto, (max-width: 712px) 100vw, 712px\" \/> <img loading=\"lazy\" decoding=\"async\" class=\"alignleft size-medium wp-image-3255\" src=\"http:\/\/www.skolyjesenice.cz\/ss\/wp-content\/uploads\/sites\/2\/2026\/04\/IMG_20260423_160536517-4-226x300.jpg\" alt=\"\" width=\"226\" height=\"300\" srcset=\"https:\/\/www.skolyjesenice.cz\/ss\/wp-content\/uploads\/sites\/2\/2026\/04\/IMG_20260423_160536517-4-226x300.jpg 226w, https:\/\/www.skolyjesenice.cz\/ss\/wp-content\/uploads\/sites\/2\/2026\/04\/IMG_20260423_160536517-4.jpg 753w\" sizes=\"auto, (max-width: 226px) 100vw, 226px\" \/> <img loading=\"lazy\" decoding=\"async\" class=\"alignleft size-medium wp-image-3256\" src=\"http:\/\/www.skolyjesenice.cz\/ss\/wp-content\/uploads\/sites\/2\/2026\/04\/IMG_20260423_160702054-226x300.jpg\" alt=\"\" width=\"226\" height=\"300\" srcset=\"https:\/\/www.skolyjesenice.cz\/ss\/wp-content\/uploads\/sites\/2\/2026\/04\/IMG_20260423_160702054-226x300.jpg 226w, https:\/\/www.skolyjesenice.cz\/ss\/wp-content\/uploads\/sites\/2\/2026\/04\/IMG_20260423_160702054.jpg 753w\" sizes=\"auto, (max-width: 226px) 100vw, 226px\" \/> <img loading=\"lazy\" decoding=\"async\" class=\"alignleft size-medium wp-image-3257\" src=\"http:\/\/www.skolyjesenice.cz\/ss\/wp-content\/uploads\/sites\/2\/2026\/04\/IMG_20260423_160808605-226x300.jpg\" alt=\"\" width=\"226\" height=\"300\" srcset=\"https:\/\/www.skolyjesenice.cz\/ss\/wp-content\/uploads\/sites\/2\/2026\/04\/IMG_20260423_160808605-226x300.jpg 226w, https:\/\/www.skolyjesenice.cz\/ss\/wp-content\/uploads\/sites\/2\/2026\/04\/IMG_20260423_160808605.jpg 753w\" sizes=\"auto, (max-width: 226px) 100vw, 226px\" \/> <img loading=\"lazy\" decoding=\"async\" class=\"alignleft size-medium wp-image-3258\" src=\"http:\/\/www.skolyjesenice.cz\/ss\/wp-content\/uploads\/sites\/2\/2026\/04\/IMG_20260423_160911030-226x300.jpg\" alt=\"\" width=\"226\" height=\"300\" srcset=\"https:\/\/www.skolyjesenice.cz\/ss\/wp-content\/uploads\/sites\/2\/2026\/04\/IMG_20260423_160911030-226x300.jpg 226w, https:\/\/www.skolyjesenice.cz\/ss\/wp-content\/uploads\/sites\/2\/2026\/04\/IMG_20260423_160911030.jpg 753w\" sizes=\"auto, (max-width: 226px) 100vw, 226px\" \/> <img loading=\"lazy\" decoding=\"async\" class=\"alignleft size-medium wp-image-3259\" src=\"http:\/\/www.skolyjesenice.cz\/ss\/wp-content\/uploads\/sites\/2\/2026\/04\/IMG_20260423_161033988-226x300.jpg\" alt=\"\" width=\"226\" height=\"300\" srcset=\"https:\/\/www.skolyjesenice.cz\/ss\/wp-content\/uploads\/sites\/2\/2026\/04\/IMG_20260423_161033988-226x300.jpg 226w, https:\/\/www.skolyjesenice.cz\/ss\/wp-content\/uploads\/sites\/2\/2026\/04\/IMG_20260423_161033988.jpg 753w\" sizes=\"auto, (max-width: 226px) 100vw, 226px\" \/> <img loading=\"lazy\" decoding=\"async\" class=\"alignleft size-medium wp-image-3260\" src=\"http:\/\/www.skolyjesenice.cz\/ss\/wp-content\/uploads\/sites\/2\/2026\/04\/IMG_20260423_161100143-226x300.jpg\" alt=\"\" width=\"226\" height=\"300\" srcset=\"https:\/\/www.skolyjesenice.cz\/ss\/wp-content\/uploads\/sites\/2\/2026\/04\/IMG_20260423_161100143-226x300.jpg 226w, https:\/\/www.skolyjesenice.cz\/ss\/wp-content\/uploads\/sites\/2\/2026\/04\/IMG_20260423_161100143.jpg 753w\" sizes=\"auto, (max-width: 226px) 100vw, 226px\" \/><\/p>\n","protected":false},"excerpt":{"rendered":"<p>Na domov\u011b ml\u00e1de\u017ee jsme ve \u010dtvrtek 23. dubna Den Zem\u011b oslavili smyslupln\u011b a hlavn\u011b aktivn\u011b. [&hellip;]<\/p>\n","protected":false},"author":6,"featured_media":0,"comment_status":"closed","ping_status":"closed","sticky":false,"template":"","format":"standard","meta":{"_acf_changed":false,"inline_featured_image":false,"footnotes":""},"categories":[1],"tags":[],"class_list":["post-3251","post","type-post","status-publish","format-standard","hentry","category-aktuality"],"acf":[],"_links":{"self":[{"href":"https:\/\/www.skolyjesenice.cz\/ss\/wp-json\/wp\/v2\/posts\/3251","targetHints":{"allow":["GET"]}}],"collection":[{"href":"https:\/\/www.skolyjesenice.cz\/ss\/wp-json\/wp\/v2\/posts"}],"about":[{"href":"https:\/\/www.skolyjesenice.cz\/ss\/wp-json\/wp\/v2\/types\/post"}],"author":[{"embeddable":true,"href":"https:\/\/www.skolyjesenice.cz\/ss\/wp-json\/wp\/v2\/users\/6"}],"replies":[{"embeddable":true,"href":"https:\/\/www.skolyjesenice.cz\/ss\/wp-json\/wp\/v2\/comments?post=3251"}],"version-history":[{"count":12,"href":"https:\/\/www.skolyjesenice.cz\/ss\/wp-json\/wp\/v2\/posts\/3251\/revisions"}],"predecessor-version":[{"id":3272,"href":"https:\/\/www.skolyjesenice.cz\/ss\/wp-json\/wp\/v2\/posts\/3251\/revisions\/3272"}],"wp:attachment":[{"href":"https:\/\/www.skolyjesenice.cz\/ss\/wp-json\/wp\/v2\/media?parent=3251"}],"wp:term":[{"taxonomy":"category","embeddable":true,"href":"https:\/\/www.skolyjesenice.cz\/ss\/wp-json\/wp\/v2\/categories?post=3251"},{"taxonomy":"post_tag","embeddable":true,"href":"https:\/\/www.skolyjesenice.cz\/ss\/wp-json\/wp\/v2\/tags?post=3251"}],"curies":[{"name":"wp","href":"https:\/\/api.w.org\/{rel}","templated":true}]}}