{"id":312,"date":"2023-02-22T15:04:21","date_gmt":"2023-02-22T14:04:21","guid":{"rendered":"https:\/\/www.skolyjesenice.cz\/?p=22"},"modified":"2024-01-09T09:14:44","modified_gmt":"2024-01-09T08:14:44","slug":"2-kmd-divadlo-bez-zabradli-jiste-pane-premiere","status":"publish","type":"post","link":"https:\/\/www.skolyjesenice.cz\/ss\/2023\/02\/22\/2-kmd-divadlo-bez-zabradli-jiste-pane-premiere\/","title":{"rendered":"2. KMD &#8211; Divadlo Bez z\u00e1bradl\u00ed &#8211; Jist\u011b, pane premi\u00e9re!"},"content":{"rendered":"<p><img loading=\"lazy\" decoding=\"async\" class=\"alignnone size-full wp-image-290\" src=\"https:\/\/www.skolyjesenice.cz\/wp-content\/uploads\/2024\/01\/IMG20232202.jpg\" alt=\"KMD\" width=\"1386\" height=\"1037\" \/><\/p>\n<p>Dal\u0161\u00ed p\u0159edstaven\u00ed z \u0159ady Klubu mlad\u00e9ho div\u00e1ka se uskute\u010dnil dne 21. 2. 2023. Nejd\u0159\u00edve jsme nav\u0161t\u00edvili Madame Tussauds &#8211; muzeum voskov\u00fdch figur\u00edn. Figur\u00edny ze st\u0159edov\u011bk\u00e9 Prahy, kultury, sportu, ale i filmu. Velk\u00fd ohlas m\u011blo odd\u011blen\u00ed hudby, kde kraloval Justin Bieber. Po\u010das\u00ed n\u00e1m p\u0159\u00e1lo k proch\u00e1zce, p\u0159es Starom\u011bstsk\u00e9 n\u00e1m\u011bst\u00ed jsme do\u0161li na V\u00e1clavsk\u00e9 n\u00e1m\u011bst\u00ed. Po kr\u00e1tk\u00e9m ob\u010derstven\u00ed jsme se vydali na pl\u00e1novan\u00e9 divadeln\u00ed p\u0159edstaven\u00ed Jist\u011b, pane premi\u00e9re! A o \u010dem to bylo? Ve venkovsk\u00e9m s\u00eddle premi\u00e9r host\u00ed v\u00e1\u017eenou n\u00e1v\u0161t\u011bvu, ministra zahrani\u010d\u00ed z dalek\u00e9ho fiktivn\u00edho st\u00e1tu, kter\u00fd nab\u00edz\u00ed astronomickou p\u016fj\u010dku v\u00fdm\u011bnou za stavbu ropovodu do v\u0161ech evropsk\u00fdch zem\u00ed. Postavu lehce zmaten\u00e9ho premi\u00e9ra ztv\u00e1rnil Karel He\u0159m\u00e1nek, za nitky tahaj\u00edc\u00edho tajemn\u00edka Josef Carda. Oddechov\u00e1 komedie, jak se d\u011bl\u00e1 politika, se n\u00e1m velmi l\u00edbila.<\/p>\n<p style=\"text-align: right;\">PhDr. Jitka Don\u00e1tov\u00e1<\/p>\n<p><a href=\"https:\/\/www.rajce.idnes.cz\/zmap\/album\/2-kmd-ss-divadlo-bez-zabradli-jiste-pane-premiere-2023\" target=\"_blank\" rel=\"noopener\">Fotografie<\/a><\/p>\n","protected":false},"excerpt":{"rendered":"<p>Dal\u0161\u00ed p\u0159edstaven\u00ed z \u0159ady Klubu mlad\u00e9ho div\u00e1ka se uskute\u010dnil dne 21. 2. 2023. Nejd\u0159\u00edve jsme [&hellip;]<\/p>\n","protected":false},"author":1,"featured_media":397,"comment_status":"closed","ping_status":"closed","sticky":false,"template":"","format":"standard","meta":{"_acf_changed":false,"inline_featured_image":false,"footnotes":""},"categories":[1],"tags":[],"class_list":["post-312","post","type-post","status-publish","format-standard","has-post-thumbnail","hentry","category-aktuality"],"acf":[],"_links":{"self":[{"href":"https:\/\/www.skolyjesenice.cz\/ss\/wp-json\/wp\/v2\/posts\/312","targetHints":{"allow":["GET"]}}],"collection":[{"href":"https:\/\/www.skolyjesenice.cz\/ss\/wp-json\/wp\/v2\/posts"}],"about":[{"href":"https:\/\/www.skolyjesenice.cz\/ss\/wp-json\/wp\/v2\/types\/post"}],"author":[{"embeddable":true,"href":"https:\/\/www.skolyjesenice.cz\/ss\/wp-json\/wp\/v2\/users\/1"}],"replies":[{"embeddable":true,"href":"https:\/\/www.skolyjesenice.cz\/ss\/wp-json\/wp\/v2\/comments?post=312"}],"version-history":[{"count":1,"href":"https:\/\/www.skolyjesenice.cz\/ss\/wp-json\/wp\/v2\/posts\/312\/revisions"}],"predecessor-version":[{"id":398,"href":"https:\/\/www.skolyjesenice.cz\/ss\/wp-json\/wp\/v2\/posts\/312\/revisions\/398"}],"wp:featuredmedia":[{"embeddable":true,"href":"https:\/\/www.skolyjesenice.cz\/ss\/wp-json\/wp\/v2\/media\/397"}],"wp:attachment":[{"href":"https:\/\/www.skolyjesenice.cz\/ss\/wp-json\/wp\/v2\/media?parent=312"}],"wp:term":[{"taxonomy":"category","embeddable":true,"href":"https:\/\/www.skolyjesenice.cz\/ss\/wp-json\/wp\/v2\/categories?post=312"},{"taxonomy":"post_tag","embeddable":true,"href":"https:\/\/www.skolyjesenice.cz\/ss\/wp-json\/wp\/v2\/tags?post=312"}],"curies":[{"name":"wp","href":"https:\/\/api.w.org\/{rel}","templated":true}]}}