{"id":2759,"date":"2026-03-17T14:04:20","date_gmt":"2026-03-17T13:04:20","guid":{"rendered":"https:\/\/www.skolyjesenice.cz\/ss\/?p=2759"},"modified":"2026-03-17T14:18:27","modified_gmt":"2026-03-17T13:18:27","slug":"uklid-autocampu-jesenice","status":"publish","type":"post","link":"https:\/\/www.skolyjesenice.cz\/ss\/2026\/03\/17\/uklid-autocampu-jesenice\/","title":{"rendered":"\u00daklid Autocampu Jesenice"},"content":{"rendered":"<p style=\"text-align: justify\">V pond\u011bl\u00ed 16. b\u0159ezna 2026 jsme se s \u017e\u00e1ky odborn\u00e9ho v\u00fdcviku obor\u016f Zahradnick\u00e9 pr\u00e1ce, Zem\u011bd\u011blec &#8211; farm\u00e1\u0159 a Zem\u011bd\u011blsk\u00e9 pr\u00e1ce vydali pomoci s jarn\u00edm \u00faklidem Autocampu Jesenice. R\u00e1no v 7.20 hodin jsme na valn\u00edk traktoru nalo\u017eili pot\u0159ebn\u00e9 zahradnick\u00e9 n\u00e1\u0159ad\u00ed &#8211; hr\u00e1b\u011b, lopaty i kole\u010dko. Pot\u00e9 jsme se p\u011b\u0161ky vydali do kempu. Na\u0161\u00edm hlavn\u00edm \u00fakolem bylo uklidit prostor po zim\u011b, zejm\u00e9na vyhrabat spadan\u00e9 list\u00ed ze strom\u016f kolem chatek a ze svahu nad kempem. \u017d\u00e1ci se s chut\u00ed pustili do pr\u00e1ce. Hrabali list\u00ed, sb\u00edrali spadan\u00e9 v\u011btve a v\u0161e postupn\u011b nakl\u00e1dali na valn\u00edk traktoru. P\u0159esto\u017ee bylo chladno, pofukoval studen\u00fd v\u00edtr, pr\u00e1ce n\u00e1m \u0161la p\u011bkn\u011b od ruky a panovala p\u0159\u00edjemn\u00e1 pracovn\u00ed atmosf\u00e9ra. Pr\u00e1ce byly ukon\u010deny p\u0159ed ob\u011bdem okolo dvan\u00e1ct\u00e9 hodiny. Po nalo\u017een\u00ed n\u00e1\u0159ad\u00ed na valn\u00edk traktoru se \u017e\u00e1ci i pedagogick\u00fd doprovod vr\u00e1tili zp\u011bt do \u0161koly, kde na v\u0161echny \u010dekal ob\u011bd ve \u0161koln\u00ed j\u00eddeln\u011b. Spole\u010dn\u011b se \u017e\u00e1ky se do pr\u00e1ce zapojili tak\u00e9 u\u010ditel\u00e9 odborn\u00e9ho v\u00fdcviku a asistentky pedagoga.<\/p>\n<p>Bc. Veronika Jasansk\u00e1<\/p>\n<p><img loading=\"lazy\" decoding=\"async\" class=\"alignleft  wp-image-2780\" src=\"http:\/\/www.skolyjesenice.cz\/ss\/wp-content\/uploads\/sites\/2\/2026\/03\/IMG4-300x169.jpeg\" alt=\"\" width=\"548\" height=\"309\" srcset=\"https:\/\/www.skolyjesenice.cz\/ss\/wp-content\/uploads\/sites\/2\/2026\/03\/IMG4-300x169.jpeg 300w, https:\/\/www.skolyjesenice.cz\/ss\/wp-content\/uploads\/sites\/2\/2026\/03\/IMG4-1024x578.jpeg 1024w, https:\/\/www.skolyjesenice.cz\/ss\/wp-content\/uploads\/sites\/2\/2026\/03\/IMG4-768x433.jpeg 768w, https:\/\/www.skolyjesenice.cz\/ss\/wp-content\/uploads\/sites\/2\/2026\/03\/IMG4-1536x866.jpeg 1536w, https:\/\/www.skolyjesenice.cz\/ss\/wp-content\/uploads\/sites\/2\/2026\/03\/IMG4-2048x1155.jpeg 2048w\" sizes=\"auto, (max-width: 548px) 100vw, 548px\" \/> <img loading=\"lazy\" decoding=\"async\" class=\"alignleft  wp-image-2781\" src=\"http:\/\/www.skolyjesenice.cz\/ss\/wp-content\/uploads\/sites\/2\/2026\/03\/IMG5-300x169.jpeg\" alt=\"\" width=\"547\" height=\"308\" srcset=\"https:\/\/www.skolyjesenice.cz\/ss\/wp-content\/uploads\/sites\/2\/2026\/03\/IMG5-300x169.jpeg 300w, https:\/\/www.skolyjesenice.cz\/ss\/wp-content\/uploads\/sites\/2\/2026\/03\/IMG5-1024x578.jpeg 1024w, https:\/\/www.skolyjesenice.cz\/ss\/wp-content\/uploads\/sites\/2\/2026\/03\/IMG5-768x433.jpeg 768w, https:\/\/www.skolyjesenice.cz\/ss\/wp-content\/uploads\/sites\/2\/2026\/03\/IMG5-1536x866.jpeg 1536w, https:\/\/www.skolyjesenice.cz\/ss\/wp-content\/uploads\/sites\/2\/2026\/03\/IMG5-2048x1155.jpeg 2048w\" sizes=\"auto, (max-width: 547px) 100vw, 547px\" \/> <img loading=\"lazy\" decoding=\"async\" class=\"alignleft  wp-image-2782\" src=\"http:\/\/www.skolyjesenice.cz\/ss\/wp-content\/uploads\/sites\/2\/2026\/03\/IMG6-300x169.jpeg\" alt=\"\" width=\"545\" height=\"307\" srcset=\"https:\/\/www.skolyjesenice.cz\/ss\/wp-content\/uploads\/sites\/2\/2026\/03\/IMG6-300x169.jpeg 300w, https:\/\/www.skolyjesenice.cz\/ss\/wp-content\/uploads\/sites\/2\/2026\/03\/IMG6-1024x578.jpeg 1024w, https:\/\/www.skolyjesenice.cz\/ss\/wp-content\/uploads\/sites\/2\/2026\/03\/IMG6-768x433.jpeg 768w, https:\/\/www.skolyjesenice.cz\/ss\/wp-content\/uploads\/sites\/2\/2026\/03\/IMG6-1536x866.jpeg 1536w, https:\/\/www.skolyjesenice.cz\/ss\/wp-content\/uploads\/sites\/2\/2026\/03\/IMG6-2048x1155.jpeg 2048w\" sizes=\"auto, (max-width: 545px) 100vw, 545px\" \/> <img loading=\"lazy\" decoding=\"async\" class=\"alignleft  wp-image-2783\" src=\"http:\/\/www.skolyjesenice.cz\/ss\/wp-content\/uploads\/sites\/2\/2026\/03\/IMG7-300x169.jpeg\" alt=\"\" width=\"546\" height=\"308\" srcset=\"https:\/\/www.skolyjesenice.cz\/ss\/wp-content\/uploads\/sites\/2\/2026\/03\/IMG7-300x169.jpeg 300w, https:\/\/www.skolyjesenice.cz\/ss\/wp-content\/uploads\/sites\/2\/2026\/03\/IMG7-1024x578.jpeg 1024w, https:\/\/www.skolyjesenice.cz\/ss\/wp-content\/uploads\/sites\/2\/2026\/03\/IMG7-768x433.jpeg 768w, https:\/\/www.skolyjesenice.cz\/ss\/wp-content\/uploads\/sites\/2\/2026\/03\/IMG7-1536x866.jpeg 1536w, https:\/\/www.skolyjesenice.cz\/ss\/wp-content\/uploads\/sites\/2\/2026\/03\/IMG7-2048x1155.jpeg 2048w\" sizes=\"auto, (max-width: 546px) 100vw, 546px\" \/><\/p>\n<p>&nbsp;<\/p>\n<p>&nbsp;<\/p>\n","protected":false},"excerpt":{"rendered":"<p>V pond\u011bl\u00ed 16. b\u0159ezna 2026 jsme se s \u017e\u00e1ky odborn\u00e9ho v\u00fdcviku obor\u016f Zahradnick\u00e9 pr\u00e1ce, Zem\u011bd\u011blec [&hellip;]<\/p>\n","protected":false},"author":6,"featured_media":0,"comment_status":"closed","ping_status":"closed","sticky":false,"template":"","format":"standard","meta":{"_acf_changed":false,"inline_featured_image":false,"footnotes":""},"categories":[1],"tags":[],"class_list":["post-2759","post","type-post","status-publish","format-standard","hentry","category-aktuality"],"acf":[],"_links":{"self":[{"href":"https:\/\/www.skolyjesenice.cz\/ss\/wp-json\/wp\/v2\/posts\/2759","targetHints":{"allow":["GET"]}}],"collection":[{"href":"https:\/\/www.skolyjesenice.cz\/ss\/wp-json\/wp\/v2\/posts"}],"about":[{"href":"https:\/\/www.skolyjesenice.cz\/ss\/wp-json\/wp\/v2\/types\/post"}],"author":[{"embeddable":true,"href":"https:\/\/www.skolyjesenice.cz\/ss\/wp-json\/wp\/v2\/users\/6"}],"replies":[{"embeddable":true,"href":"https:\/\/www.skolyjesenice.cz\/ss\/wp-json\/wp\/v2\/comments?post=2759"}],"version-history":[{"count":10,"href":"https:\/\/www.skolyjesenice.cz\/ss\/wp-json\/wp\/v2\/posts\/2759\/revisions"}],"predecessor-version":[{"id":2784,"href":"https:\/\/www.skolyjesenice.cz\/ss\/wp-json\/wp\/v2\/posts\/2759\/revisions\/2784"}],"wp:attachment":[{"href":"https:\/\/www.skolyjesenice.cz\/ss\/wp-json\/wp\/v2\/media?parent=2759"}],"wp:term":[{"taxonomy":"category","embeddable":true,"href":"https:\/\/www.skolyjesenice.cz\/ss\/wp-json\/wp\/v2\/categories?post=2759"},{"taxonomy":"post_tag","embeddable":true,"href":"https:\/\/www.skolyjesenice.cz\/ss\/wp-json\/wp\/v2\/tags?post=2759"}],"curies":[{"name":"wp","href":"https:\/\/api.w.org\/{rel}","templated":true}]}}